{"id":40821,"date":"2022-10-16T20:00:54","date_gmt":"2022-10-16T23:00:54","guid":{"rendered":"https:\/\/infovera.com.ar\/web\/?p=40821"},"modified":"2022-10-20T10:01:41","modified_gmt":"2022-10-20T13:01:41","slug":"la-celeste-se-impuso-en-las-elecciones-del-sindicato-de-trabajadores-judiciales","status":"publish","type":"post","link":"https:\/\/infovera.com.ar\/web\/2022\/10\/16\/la-celeste-se-impuso-en-las-elecciones-del-sindicato-de-trabajadores-judiciales\/","title":{"rendered":"La Celeste gan\u00f3 las elecciones del Sindicato de Trabajadores Judiciales"},"content":{"rendered":"<p><strong>El pasado viernes 14 de octubre se realizaron las elecciones para renovar las autoridades del Sindicato de Trabajadores Judiciales de la provincia.<\/strong><\/p>\n<p>Vot\u00f3 el 59 por ciento del padron a la \u00fanica lista que se present\u00f3 (La Celeste); y el nuevo secretario general pas\u00f3 a ser por cuatro a\u00f1os Juan Pablo Langella, de la ciudad de Santa Fe.<\/p>\n<p>Por el asentamiento &#8220;Vera&#8221; resultaron electos: Valeria Tourn y Ra\u00fal &#8220;Pini&#8221; Rojas y en esta ocasi\u00f3n se sum\u00f3 un tercer delegado, Iv\u00e1n Razinka.<\/p>\n<p>En esta ciudad, del padr\u00f3n de 55 afiliados emitieron su voto 45, todos a favor de &#8220;La Celeste&#8221; Unidad Judicial.<\/p>\n","protected":false},"excerpt":{"rendered":"<p>El pasado viernes 14 de octubre se realizaron las elecciones para renovar las autoridades del Sindicato de Trabajadores Judiciales de la provincia. Vot\u00f3 el 59 por ciento del padron a la \u00fanica lista que se present\u00f3 (La Celeste); y el nuevo secretario general pas\u00f3 a ser por cuatro a\u00f1os Juan Pablo Langella, de la ciudad [&hellip;]<\/p>\n","protected":false},"author":3,"featured_media":40822,"comment_status":"closed","ping_status":"closed","sticky":false,"template":"","format":"standard","meta":{"_joinchat":[],"footnotes":""},"categories":[53],"tags":[],"class_list":{"0":"post-40821","1":"post","2":"type-post","3":"status-publish","4":"format-standard","5":"has-post-thumbnail","7":"category-vera"},"_links":{"self":[{"href":"https:\/\/infovera.com.ar\/web\/wp-json\/wp\/v2\/posts\/40821","targetHints":{"allow":["GET"]}}],"collection":[{"href":"https:\/\/infovera.com.ar\/web\/wp-json\/wp\/v2\/posts"}],"about":[{"href":"https:\/\/infovera.com.ar\/web\/wp-json\/wp\/v2\/types\/post"}],"author":[{"embeddable":true,"href":"https:\/\/infovera.com.ar\/web\/wp-json\/wp\/v2\/users\/3"}],"replies":[{"embeddable":true,"href":"https:\/\/infovera.com.ar\/web\/wp-json\/wp\/v2\/comments?post=40821"}],"version-history":[{"count":0,"href":"https:\/\/infovera.com.ar\/web\/wp-json\/wp\/v2\/posts\/40821\/revisions"}],"wp:featuredmedia":[{"embeddable":true,"href":"https:\/\/infovera.com.ar\/web\/wp-json\/wp\/v2\/media\/40822"}],"wp:attachment":[{"href":"https:\/\/infovera.com.ar\/web\/wp-json\/wp\/v2\/media?parent=40821"}],"wp:term":[{"taxonomy":"category","embeddable":true,"href":"https:\/\/infovera.com.ar\/web\/wp-json\/wp\/v2\/categories?post=40821"},{"taxonomy":"post_tag","embeddable":true,"href":"https:\/\/infovera.com.ar\/web\/wp-json\/wp\/v2\/tags?post=40821"}],"curies":[{"name":"wp","href":"https:\/\/api.w.org\/{rel}","templated":true}]}}