{"id":40818,"date":"2022-10-16T20:48:55","date_gmt":"2022-10-16T23:48:55","guid":{"rendered":"https:\/\/infovera.com.ar\/web\/?p=40818"},"modified":"2022-10-16T20:48:55","modified_gmt":"2022-10-16T23:48:55","slug":"fue-empate-el-clasico-de-margarita","status":"publish","type":"post","link":"https:\/\/infovera.com.ar\/web\/2022\/10\/16\/fue-empate-el-clasico-de-margarita\/","title":{"rendered":"Fue empate el cl\u00e1sico de Margarita"},"content":{"rendered":"<p><strong>Se jug\u00f3 la fecha de la etapa clasificatoria. No se disputaron partidos de la etapa cuadrangular.<\/strong><\/p>\n<p>Etapa clasificatoria se jugo con normalidad. Alumni empat\u00f3 2 a 2 con Estudiantes Unidos, con goles para la visita de Capello y Herrera, y para el local de P\u00e9rez y Miranda.<\/p>\n<p>En San Javier, cay\u00f3 derrotado Hurac\u00e1n SJ ante Belgrano por 2 a 1 con goles de Cardozo y Franco para el &#8220;Cueli&#8221;, descont\u00f3 Paul\u00f3n para el local.<\/p>\n<p>En Crespo, Giuliani empat\u00f3 con Uni\u00f3n 1 a 1 los goles de Miranda y Quintero, respectivamente.<\/p>\n<p>En Vera, Ferro empat\u00f3 1 a 1 con Mitre, con goles de S\u00e1nchez para El Ceb\u00fa y de Roda para el Verde.<\/p>\n<p>Y, en Margarita, se jugo el cl\u00e1sico de la ciudad donde Sarmiento, de local, empat\u00f3 con Central Colonia 1 a 1. Anot\u00f3 para la visita Axel Rossi y empat\u00f3 Leonardo Aguirre para El Rojo. La terna arbitral: Juan Mayal y sus asistentes Bord\u00f3n y Altamirano.<\/p>\n<p>Ya est\u00e1n clasificados Gimnasia y Ferro, y Calchaqu\u00ed espera jugar la \u00faltima fecha programada para la semana que viene.<\/p>\n<p>En Primera del f\u00fatbol femenino, en la semifinal de ida Calchaqui Fc perdi\u00f3 3 a 0 ante Hurac\u00e1n FBC. Y Hurac\u00e1n SJ derrot\u00f3 a Gimnasia por 3 a 1; la semana que viene se define todo en el partido de vuelta para saber qui\u00e9n juega la gran final.<\/p>\n<p>En Reserva, sali\u00f3 campe\u00f3n Hurac\u00e1n LC tras empatar 0 a 0 con Calchaqu\u00ed. En la ida\u00a0 El Globo hab\u00eda ganado 2 a 1, por lo que en el global fue m\u00e1s y consagr\u00f3 Campe\u00f3n de la Liga Verense 2022 en Reserva.<\/p>\n","protected":false},"excerpt":{"rendered":"<p>Se jug\u00f3 la fecha de la etapa clasificatoria. No se disputaron partidos de la etapa cuadrangular. Etapa clasificatoria se jugo con normalidad. Alumni empat\u00f3 2 a 2 con Estudiantes Unidos, con goles para la visita de Capello y Herrera, y para el local de P\u00e9rez y Miranda. En San Javier, cay\u00f3 derrotado Hurac\u00e1n SJ ante [&hellip;]<\/p>\n","protected":false},"author":3,"featured_media":40819,"comment_status":"closed","ping_status":"closed","sticky":false,"template":"","format":"standard","meta":{"_joinchat":[],"footnotes":""},"categories":[31,56,35],"tags":[],"class_list":{"0":"post-40818","1":"post","2":"type-post","3":"status-publish","4":"format-standard","5":"has-post-thumbnail","7":"category-deportes","8":"category-destacados","9":"category-futbol"},"_links":{"self":[{"href":"https:\/\/infovera.com.ar\/web\/wp-json\/wp\/v2\/posts\/40818","targetHints":{"allow":["GET"]}}],"collection":[{"href":"https:\/\/infovera.com.ar\/web\/wp-json\/wp\/v2\/posts"}],"about":[{"href":"https:\/\/infovera.com.ar\/web\/wp-json\/wp\/v2\/types\/post"}],"author":[{"embeddable":true,"href":"https:\/\/infovera.com.ar\/web\/wp-json\/wp\/v2\/users\/3"}],"replies":[{"embeddable":true,"href":"https:\/\/infovera.com.ar\/web\/wp-json\/wp\/v2\/comments?post=40818"}],"version-history":[{"count":0,"href":"https:\/\/infovera.com.ar\/web\/wp-json\/wp\/v2\/posts\/40818\/revisions"}],"wp:featuredmedia":[{"embeddable":true,"href":"https:\/\/infovera.com.ar\/web\/wp-json\/wp\/v2\/media\/40819"}],"wp:attachment":[{"href":"https:\/\/infovera.com.ar\/web\/wp-json\/wp\/v2\/media?parent=40818"}],"wp:term":[{"taxonomy":"category","embeddable":true,"href":"https:\/\/infovera.com.ar\/web\/wp-json\/wp\/v2\/categories?post=40818"},{"taxonomy":"post_tag","embeddable":true,"href":"https:\/\/infovera.com.ar\/web\/wp-json\/wp\/v2\/tags?post=40818"}],"curies":[{"name":"wp","href":"https:\/\/api.w.org\/{rel}","templated":true}]}}