{"id":40814,"date":"2022-10-16T19:43:57","date_gmt":"2022-10-16T22:43:57","guid":{"rendered":"https:\/\/infovera.com.ar\/web\/?p=40814"},"modified":"2022-10-20T10:02:05","modified_gmt":"2022-10-20T13:02:05","slug":"gonzalo-braidot-se-impuso-por-una-diferencia-demoledora-en-avellaneda","status":"publish","type":"post","link":"https:\/\/infovera.com.ar\/web\/2022\/10\/16\/gonzalo-braidot-se-impuso-por-una-diferencia-demoledora-en-avellaneda\/","title":{"rendered":"Gonzalo Braidot se impuso por una diferencia demoledora en Avellaneda"},"content":{"rendered":"<p><strong>El mandatario interino gan\u00f3 con el 75 por ciento de los votos escrutados. Gobernar\u00e1 la ciudad hasta el 10 de diciembre de 2023.<\/strong><\/p>\n<p>Con el ciento por ciento de las mesas computadas, el intendente interino Gonzalo Braidot (JxC) se erigi\u00f3 en el ganador de la elecci\u00f3n general en la ciudad de Avellaneda que se realiz\u00f3 este domingo.<\/p>\n<p>El actual mandatario obtuvo 8.175 votos, el 75,31 por ciento de los votos v\u00e1lidos emitidos, y releg\u00f3 al segundo lugar a Aldo \u201cDito\u201d Gonz\u00e1lez, que cosech\u00f3 2.513 sufragios, el 23,15 por ciento.<\/p>\n<p>Braidot se impuso en una elecci\u00f3n a la que calific\u00f3 como un \u201cimpulso para los referentes zonales, provinciales y nacionales. Todos est\u00e1n mirando a Avellaneda desde lo pol\u00edtico y c\u00f3mo funciona como ciudad. Se puede imitar y salir adelante como pa\u00eds\u201d.<\/p>\n<p>El acto electoral trascurri\u00f3 con normalidad en la ciudad y la zona rural, estuvo marcado por la presencia de dirigentes nacionales y provinciales de Juntos por el Cambio, como el senador nacional Dionisio Scarpin, el senador provincial Orfilio Marc\u00f3n y su par provincial Felipe Michlig, titular del Comit\u00e9 Provincial de la UCR.<\/p>\n<p>En un tuit, Michlig celebr\u00f3: \u201cDespu\u00e9s del triunfo de Marcos Ju\u00e1rez (CBA.), hoy asistimos al contundente triunfo de JxC en Avellaneda consagrando al radical Gonzalo Braidot como intendente de esta pujante ciudad por 75,31% por 23,15% del Justicialismo\u201d.<\/p>\n<p>Tambi\u00e9n Scarpin tuite\u00f3 sobre la contundente victoria: \u201c75%! JxC \u00a1Felicitaciones por el triunfo Gonzalo Braidot! Con Juntos por el Cambio estamos dando el primer paso del cambio en Santa Fe. Avellaneda es un ejemplo y un faro para la provincia con sus pol\u00edticas productivas y sociales. Hay esperanzas. \u00a1Esto reci\u00e9n empieza!\u201d.<\/p>\n<p>El dato de la jornada tambi\u00e9n estuvo constituido por la baja afluencia de votantes: sobre 22.861 electores habilitados concurri\u00f3 a cumplir con su obligaci\u00f3n c\u00edvica solo el 48,80 por ciento.<\/p>\n<p>Proyecci\u00f3n nacional<\/p>\n<p>La elecci\u00f3n de este domingo en Avellaneda concit\u00f3 la atenci\u00f3n nacional, en buena medida debido a que es un basti\u00f3n de Juntos por el Cambio la provincia de Santa Fe desde donde, por ejemplo, se puso freno a la iniciativa del gobierno nacional de estatizar la firma Vicentin. Aquellas movilizaciones populares obligaron al poder central a dar marcha atr\u00e1s en sus arrebatos expropiadores y alumbraron la candidatura a senador nacional de Dionisio Scarpin, entonces intendente de la ciudad y cuyo ascenso al Senado desemboc\u00f3 en la compulsa electoral de este domingo que gan\u00f3 con comodidad Gonzalo Braidot, que \u00a0completar\u00e1 el mandato del ahora congresista y firme aspirante gobernar la provincia.<\/p>\n","protected":false},"excerpt":{"rendered":"<p>El mandatario interino gan\u00f3 con el 75 por ciento de los votos escrutados. Gobernar\u00e1 la ciudad hasta el 10 de diciembre de 2023. Con el ciento por ciento de las mesas computadas, el intendente interino Gonzalo Braidot (JxC) se erigi\u00f3 en el ganador de la elecci\u00f3n general en la ciudad de Avellaneda que se realiz\u00f3 [&hellip;]<\/p>\n","protected":false},"author":3,"featured_media":40817,"comment_status":"closed","ping_status":"closed","sticky":false,"template":"","format":"standard","meta":{"_joinchat":[],"footnotes":""},"categories":[55],"tags":[],"class_list":{"0":"post-40814","1":"post","2":"type-post","3":"status-publish","4":"format-standard","5":"has-post-thumbnail","7":"category-reconquista"},"_links":{"self":[{"href":"https:\/\/infovera.com.ar\/web\/wp-json\/wp\/v2\/posts\/40814","targetHints":{"allow":["GET"]}}],"collection":[{"href":"https:\/\/infovera.com.ar\/web\/wp-json\/wp\/v2\/posts"}],"about":[{"href":"https:\/\/infovera.com.ar\/web\/wp-json\/wp\/v2\/types\/post"}],"author":[{"embeddable":true,"href":"https:\/\/infovera.com.ar\/web\/wp-json\/wp\/v2\/users\/3"}],"replies":[{"embeddable":true,"href":"https:\/\/infovera.com.ar\/web\/wp-json\/wp\/v2\/comments?post=40814"}],"version-history":[{"count":0,"href":"https:\/\/infovera.com.ar\/web\/wp-json\/wp\/v2\/posts\/40814\/revisions"}],"wp:featuredmedia":[{"embeddable":true,"href":"https:\/\/infovera.com.ar\/web\/wp-json\/wp\/v2\/media\/40817"}],"wp:attachment":[{"href":"https:\/\/infovera.com.ar\/web\/wp-json\/wp\/v2\/media?parent=40814"}],"wp:term":[{"taxonomy":"category","embeddable":true,"href":"https:\/\/infovera.com.ar\/web\/wp-json\/wp\/v2\/categories?post=40814"},{"taxonomy":"post_tag","embeddable":true,"href":"https:\/\/infovera.com.ar\/web\/wp-json\/wp\/v2\/tags?post=40814"}],"curies":[{"name":"wp","href":"https:\/\/api.w.org\/{rel}","templated":true}]}}