{"id":40727,"date":"2022-10-11T08:13:16","date_gmt":"2022-10-11T11:13:16","guid":{"rendered":"https:\/\/infovera.com.ar\/web\/?p=40727"},"modified":"2022-10-13T13:24:00","modified_gmt":"2022-10-13T16:24:00","slug":"fernando-nicola-les-damos-las-gracias-por-hacerse-presentes-en-esta-fiesta-maravillosa","status":"publish","type":"post","link":"https:\/\/infovera.com.ar\/web\/2022\/10\/11\/fernando-nicola-les-damos-las-gracias-por-hacerse-presentes-en-esta-fiesta-maravillosa\/","title":{"rendered":"Fernando Nicola: &#8220;Les damos las gracias por hacerse presentes en esta fiesta maravillosa&#8221;"},"content":{"rendered":"<p><strong>El presidente comunal de La Gallareta agradeci\u00f3 a quienes participaron de la Fiesta Provincial del Amigo.<\/strong><\/p>\n<p>Fernando Nicola expres\u00f3: &#8220;En primer lugar quiero agradecer a tod@s los que estuvieron acompa\u00f1\u00e1ndonos en estos tres d\u00edas de fiesta. Gracias por el esfuerzo que realizan a\u00f1o tras a\u00f1o, para poder llegar hasta nuestro pueblo en esta fecha tan especial en la que el reencuentro y la amistad son el eje que nos une y motiva&#8221;.<\/p>\n<p>En ese sentido, destac\u00f3 que &#8220;para los que estamos al frente significa poner todo nuestro sacrificio y esmero , con el fin de organizar cada detalle y as\u00ed brindarles la oportunidad de pasar un hermoso fin de semana junto a sus familiares y amigos, y que se lleven los mejores recuerdos de esta fiesta. Con mi equipo, no descansamos un d\u00eda para poder estar en todo y atenderlos como se lo merecen; terminamos agotados, pero muy felices al verlos disfrutar con tanta alegr\u00eda de esta fiesta, que es la fiesta de todos. Esas risas contagiosas y el desborde de emociones para nosotros no tienen precio&#8221;.<\/p>\n<p>&#8220;En nombre de todo el gran equipo que me acompa\u00f1a les damos las gracias por hacerse presentes en esta fiesta maravillosa. Espero que est\u00e9n conformes y si en algo fallamos les pido disculpas&#8221;, manifest\u00f3.<\/p>\n<p>Luego, hizo p\u00fablico &#8220;un agradecimiento infinito a todos los que nos ayudaron desinteresadamente para que todo salga de la mejor manera. Gracias a los organizadores de los torneos de f\u00fatbol y a sus colaboradores. Gracias a los sonidos Socal y Vibe La Gallareta a los \u00e1rbitros; camar\u00f3grafos; efectivos de seguridad; conductores; electricistas; alba\u00f1iles; trabajadores eventuales y a los de planta permanente. En fin, gracias a todos los colaboradores en general. Gracias por el compromiso y la responsabilidad asumidos en este evento tan importante. Quiero felicitar tambi\u00e9n, a nuestros artistas locales, que con mucha dedicaci\u00f3n y amor, dejan bien en alto nuestra cultura Gallaretense&#8221;.<\/p>\n<p>Para despedirse, dej\u00f3 un &#8220;fuerte abrazo con mucho afecto y cari\u00f1o para cada uno de ustedes. Deseo que tengan un buen regreso a sus casas y que Dios los bendiga siempre. Sepan que son siempre bienvenidos. \u00a1Hasta el a\u00f1o que viene!&#8221;.<\/p>\n<p><a href=\"https:\/\/infovera.com.ar\/web\/wp-content\/uploads\/2022\/10\/f.jpg\"><img loading=\"lazy\" decoding=\"async\" class=\"alignleft size-full wp-image-40729\" src=\"https:\/\/infovera.com.ar\/web\/wp-content\/uploads\/2022\/10\/f.jpg\" alt=\"\" width=\"1280\" height=\"853\" srcset=\"https:\/\/infovera.com.ar\/web\/wp-content\/uploads\/2022\/10\/f.jpg 1280w, https:\/\/infovera.com.ar\/web\/wp-content\/uploads\/2022\/10\/f-696x464.jpg 696w, https:\/\/infovera.com.ar\/web\/wp-content\/uploads\/2022\/10\/f-1068x712.jpg 1068w, https:\/\/infovera.com.ar\/web\/wp-content\/uploads\/2022\/10\/f-630x420.jpg 630w\" sizes=\"auto, (max-width: 1280px) 100vw, 1280px\" \/><\/a><\/p>\n","protected":false},"excerpt":{"rendered":"<p>El presidente comunal de La Gallareta agradeci\u00f3 a quienes participaron de la Fiesta Provincial del Amigo. Fernando Nicola expres\u00f3: &#8220;En primer lugar quiero agradecer a tod@s los que estuvieron acompa\u00f1\u00e1ndonos en estos tres d\u00edas de fiesta. Gracias por el esfuerzo que realizan a\u00f1o tras a\u00f1o, para poder llegar hasta nuestro pueblo en esta fecha tan [&hellip;]<\/p>\n","protected":false},"author":3,"featured_media":40728,"comment_status":"closed","ping_status":"closed","sticky":false,"template":"","format":"standard","meta":{"_joinchat":[],"footnotes":""},"categories":[51],"tags":[],"class_list":{"0":"post-40727","1":"post","2":"type-post","3":"status-publish","4":"format-standard","5":"has-post-thumbnail","7":"category-locales"},"_links":{"self":[{"href":"https:\/\/infovera.com.ar\/web\/wp-json\/wp\/v2\/posts\/40727","targetHints":{"allow":["GET"]}}],"collection":[{"href":"https:\/\/infovera.com.ar\/web\/wp-json\/wp\/v2\/posts"}],"about":[{"href":"https:\/\/infovera.com.ar\/web\/wp-json\/wp\/v2\/types\/post"}],"author":[{"embeddable":true,"href":"https:\/\/infovera.com.ar\/web\/wp-json\/wp\/v2\/users\/3"}],"replies":[{"embeddable":true,"href":"https:\/\/infovera.com.ar\/web\/wp-json\/wp\/v2\/comments?post=40727"}],"version-history":[{"count":0,"href":"https:\/\/infovera.com.ar\/web\/wp-json\/wp\/v2\/posts\/40727\/revisions"}],"wp:featuredmedia":[{"embeddable":true,"href":"https:\/\/infovera.com.ar\/web\/wp-json\/wp\/v2\/media\/40728"}],"wp:attachment":[{"href":"https:\/\/infovera.com.ar\/web\/wp-json\/wp\/v2\/media?parent=40727"}],"wp:term":[{"taxonomy":"category","embeddable":true,"href":"https:\/\/infovera.com.ar\/web\/wp-json\/wp\/v2\/categories?post=40727"},{"taxonomy":"post_tag","embeddable":true,"href":"https:\/\/infovera.com.ar\/web\/wp-json\/wp\/v2\/tags?post=40727"}],"curies":[{"name":"wp","href":"https:\/\/api.w.org\/{rel}","templated":true}]}}