{"id":40691,"date":"2022-10-09T20:48:36","date_gmt":"2022-10-09T23:48:36","guid":{"rendered":"https:\/\/infovera.com.ar\/web\/?p=40691"},"modified":"2022-10-09T21:31:14","modified_gmt":"2022-10-10T00:31:14","slug":"triunfo-de-ferro-en-tierra-fortinera","status":"publish","type":"post","link":"https:\/\/infovera.com.ar\/web\/2022\/10\/09\/triunfo-de-ferro-en-tierra-fortinera\/","title":{"rendered":"Triunfo de Ferro en tierra fortinera"},"content":{"rendered":"<p><strong>Ferro derrot\u00f3 hoy a El Fort\u00edn por 2 a 1 con Arroyo y Fern\u00e1ndez.<\/strong><\/p>\n<p>El Ceb\u00fa se impuso en su visita a Olmos, en un partido que tuvo incidentes sobre el final.<\/p>\n<p>El \u00e1rbitro Mauricio Montiel -y sus asistentes Bord\u00f3n y Est\u00e9vez de muy buena actuaci\u00f3n &#8211; pit\u00f3 el final del encuentro, y ese momento los jugadores de Fort\u00edn Olmos le reclamaron que hab\u00eda adicionado pocos minutos.<\/p>\n<p>Montiel, de acuerdo a su entender de lo que fue el tr\u00e1mite del cotejo, hab\u00eda agregado 7 minutos a los 90 reglamentarios, termin\u00e1ndolo a los 52 minutos.<\/p>\n<p>Finalmente, los \u00e1nimos se calmaron y Ferro festej\u00f3 de visitante.<\/p>\n<p>En Calchaqu\u00ed, Gardel cay\u00f3 derrotado 3 a 1 frente Hurac\u00e1n FBC con goles de Espinoza y Delgado por 2, descont\u00f3 Taboada para el Tango.<\/p>\n<p>En Alejandra fue victoria de Deportivo Alejandra por 5 a 1 ante Hurac\u00e1n SJ, con goles para el local de Claudio Moreyra, Fabricio R\u00edos (2), Brian Guti\u00e9rrez y Daniel G\u00f3mez; el gol de honor para la visita fue obra de Facundo Bieri.<\/p>\n<p>En tanto, el s\u00e1bado Hurac\u00e1n LC y Central SJ empataron 1 a 1.<\/p>\n<p>Este lunes juegan Gimnasia vs Alumni y los dem\u00e1s partidos.<\/p>\n<p><a href=\"https:\/\/infovera.com.ar\/web\/wp-content\/uploads\/2022\/10\/li.jpg\"><img loading=\"lazy\" decoding=\"async\" class=\"alignleft size-full wp-image-40708\" src=\"https:\/\/infovera.com.ar\/web\/wp-content\/uploads\/2022\/10\/li.jpg\" alt=\"\" width=\"796\" height=\"960\" srcset=\"https:\/\/infovera.com.ar\/web\/wp-content\/uploads\/2022\/10\/li.jpg 796w, https:\/\/infovera.com.ar\/web\/wp-content\/uploads\/2022\/10\/li-696x839.jpg 696w, https:\/\/infovera.com.ar\/web\/wp-content\/uploads\/2022\/10\/li-348x420.jpg 348w\" sizes=\"auto, (max-width: 796px) 100vw, 796px\" \/><\/a><\/p>\n","protected":false},"excerpt":{"rendered":"<p>Ferro derrot\u00f3 hoy a El Fort\u00edn por 2 a 1 con Arroyo y Fern\u00e1ndez. El Ceb\u00fa se impuso en su visita a Olmos, en un partido que tuvo incidentes sobre el final. El \u00e1rbitro Mauricio Montiel -y sus asistentes Bord\u00f3n y Est\u00e9vez de muy buena actuaci\u00f3n &#8211; pit\u00f3 el final del encuentro, y ese momento [&hellip;]<\/p>\n","protected":false},"author":3,"featured_media":40697,"comment_status":"closed","ping_status":"closed","sticky":false,"template":"","format":"standard","meta":{"_joinchat":[],"footnotes":""},"categories":[31,56,35],"tags":[],"class_list":{"0":"post-40691","1":"post","2":"type-post","3":"status-publish","4":"format-standard","5":"has-post-thumbnail","7":"category-deportes","8":"category-destacados","9":"category-futbol"},"_links":{"self":[{"href":"https:\/\/infovera.com.ar\/web\/wp-json\/wp\/v2\/posts\/40691","targetHints":{"allow":["GET"]}}],"collection":[{"href":"https:\/\/infovera.com.ar\/web\/wp-json\/wp\/v2\/posts"}],"about":[{"href":"https:\/\/infovera.com.ar\/web\/wp-json\/wp\/v2\/types\/post"}],"author":[{"embeddable":true,"href":"https:\/\/infovera.com.ar\/web\/wp-json\/wp\/v2\/users\/3"}],"replies":[{"embeddable":true,"href":"https:\/\/infovera.com.ar\/web\/wp-json\/wp\/v2\/comments?post=40691"}],"version-history":[{"count":0,"href":"https:\/\/infovera.com.ar\/web\/wp-json\/wp\/v2\/posts\/40691\/revisions"}],"wp:featuredmedia":[{"embeddable":true,"href":"https:\/\/infovera.com.ar\/web\/wp-json\/wp\/v2\/media\/40697"}],"wp:attachment":[{"href":"https:\/\/infovera.com.ar\/web\/wp-json\/wp\/v2\/media?parent=40691"}],"wp:term":[{"taxonomy":"category","embeddable":true,"href":"https:\/\/infovera.com.ar\/web\/wp-json\/wp\/v2\/categories?post=40691"},{"taxonomy":"post_tag","embeddable":true,"href":"https:\/\/infovera.com.ar\/web\/wp-json\/wp\/v2\/tags?post=40691"}],"curies":[{"name":"wp","href":"https:\/\/api.w.org\/{rel}","templated":true}]}}