{"id":40690,"date":"2022-10-09T20:46:06","date_gmt":"2022-10-09T23:46:06","guid":{"rendered":"https:\/\/infovera.com.ar\/web\/?p=40690"},"modified":"2022-10-09T20:46:06","modified_gmt":"2022-10-09T23:46:06","slug":"la-quinta-recaudo-mas-de-1-500-000-para-el-quincho-cultural","status":"publish","type":"post","link":"https:\/\/infovera.com.ar\/web\/2022\/10\/09\/la-quinta-recaudo-mas-de-1-500-000-para-el-quincho-cultural\/","title":{"rendered":"La Quinta recaud\u00f3 m\u00e1s de $1.500.000 para el Quincho Cultural"},"content":{"rendered":"<p>La Asociaci\u00f3n Civil &#8220;La Quinta&#8221; difundi\u00f3 este domingo el balance de ingresos de las diferentes movidas solidarias para la reconstrucci\u00f3n del Quincho Cultural, que se incendio hace m\u00e1s de un mes, hecho del cual a\u00fan no hay una respuesta oficial sobre las pericias realizadas por las autoridades.<\/p>\n<p>Expresaron desde la Asociaci\u00f3n &#8220;a un mes y d\u00edas del incendio, y luego de varias iniciativas llevadas adelante, queremos compartirles el GRAN BALANCE, aportes de quienes nos acompa\u00f1an d\u00eda a d\u00eda y sobre todo han contribuido para que &#8220;El Quincho&#8221; vuelva a nacer.<\/p>\n<p>Queremos poder avanzar cuanto antes en la reconstrucci\u00f3n, porque necesitamos volver a realizar actividades en ese lugar que desde hace a\u00f1os nos permiten seguir construyendo infinitos mundos&#8221;.<\/p>\n<p><a href=\"https:\/\/infovera.com.ar\/web\/wp-content\/uploads\/2022\/10\/FB_IMG_1665357515383.jpg\"><img loading=\"lazy\" decoding=\"async\" class=\"alignleft size-full wp-image-40693\" src=\"https:\/\/infovera.com.ar\/web\/wp-content\/uploads\/2022\/10\/FB_IMG_1665357515383.jpg\" alt=\"\" width=\"720\" height=\"352\" srcset=\"https:\/\/infovera.com.ar\/web\/wp-content\/uploads\/2022\/10\/FB_IMG_1665357515383.jpg 720w, https:\/\/infovera.com.ar\/web\/wp-content\/uploads\/2022\/10\/FB_IMG_1665357515383-533x261.jpg 533w, https:\/\/infovera.com.ar\/web\/wp-content\/uploads\/2022\/10\/FB_IMG_1665357515383-696x340.jpg 696w\" sizes=\"auto, (max-width: 720px) 100vw, 720px\" \/><\/a><\/p>\n","protected":false},"excerpt":{"rendered":"<p>La Asociaci\u00f3n Civil &#8220;La Quinta&#8221; difundi\u00f3 este domingo el balance de ingresos de las diferentes movidas solidarias para la reconstrucci\u00f3n del Quincho Cultural, que se incendio hace m\u00e1s de un mes, hecho del cual a\u00fan no hay una respuesta oficial sobre las pericias realizadas por las autoridades. Expresaron desde la Asociaci\u00f3n &#8220;a un mes y [&hellip;]<\/p>\n","protected":false},"author":3,"featured_media":40695,"comment_status":"closed","ping_status":"closed","sticky":false,"template":"","format":"standard","meta":{"_joinchat":[],"footnotes":""},"categories":[51],"tags":[],"class_list":{"0":"post-40690","1":"post","2":"type-post","3":"status-publish","4":"format-standard","5":"has-post-thumbnail","7":"category-locales"},"_links":{"self":[{"href":"https:\/\/infovera.com.ar\/web\/wp-json\/wp\/v2\/posts\/40690","targetHints":{"allow":["GET"]}}],"collection":[{"href":"https:\/\/infovera.com.ar\/web\/wp-json\/wp\/v2\/posts"}],"about":[{"href":"https:\/\/infovera.com.ar\/web\/wp-json\/wp\/v2\/types\/post"}],"author":[{"embeddable":true,"href":"https:\/\/infovera.com.ar\/web\/wp-json\/wp\/v2\/users\/3"}],"replies":[{"embeddable":true,"href":"https:\/\/infovera.com.ar\/web\/wp-json\/wp\/v2\/comments?post=40690"}],"version-history":[{"count":0,"href":"https:\/\/infovera.com.ar\/web\/wp-json\/wp\/v2\/posts\/40690\/revisions"}],"wp:featuredmedia":[{"embeddable":true,"href":"https:\/\/infovera.com.ar\/web\/wp-json\/wp\/v2\/media\/40695"}],"wp:attachment":[{"href":"https:\/\/infovera.com.ar\/web\/wp-json\/wp\/v2\/media?parent=40690"}],"wp:term":[{"taxonomy":"category","embeddable":true,"href":"https:\/\/infovera.com.ar\/web\/wp-json\/wp\/v2\/categories?post=40690"},{"taxonomy":"post_tag","embeddable":true,"href":"https:\/\/infovera.com.ar\/web\/wp-json\/wp\/v2\/tags?post=40690"}],"curies":[{"name":"wp","href":"https:\/\/api.w.org\/{rel}","templated":true}]}}