{"id":40669,"date":"2022-10-08T12:26:00","date_gmt":"2022-10-08T15:26:00","guid":{"rendered":"https:\/\/infovera.com.ar\/web\/?p=40669"},"modified":"2022-10-09T21:17:00","modified_gmt":"2022-10-10T00:17:00","slug":"una-paciente-de-calchaqui-con-problemas-mentales-se-arrojo-al-vacio-en-el-hospital-de-reconquista","status":"publish","type":"post","link":"https:\/\/infovera.com.ar\/web\/2022\/10\/08\/una-paciente-de-calchaqui-con-problemas-mentales-se-arrojo-al-vacio-en-el-hospital-de-reconquista\/","title":{"rendered":"Una paciente de Calchaqu\u00ed con problemas mentales se arroj\u00f3 al vac\u00edo en el Hospital de Reconquista"},"content":{"rendered":"<p><strong>Fue a media ma\u00f1ana de hoy. Salt\u00f3 desde el primer piso del edificio. Falleci\u00f3 a causa del impacto.<\/strong><\/p>\n<p>Esta ma\u00f1ana, alrededor de las 10, una mujer que estaba internada con una patolog\u00eda mental se suicid\u00f3 arroj\u00e1ndose desde el primer piso del edificio del Hospital Central de Reconquista.<\/p>\n<p>El hecho conmocion\u00f3 a propios y extra\u00f1os que estaban en el nosocomio en ese momento, y provoc\u00f3 que entre en acci\u00f3n personal de salud de guardia.<\/p>\n<p>Tras recogerla en una camilla desde el lugar donde cay\u00f3, fue ingresada en estado desesperante a urgencias. Fuentes sanitarias informaron m\u00e1s tarde que se le realizaron tareas de reanimaci\u00f3n que fueron infructuosas, ya que pudo evitarse su deseso.<\/p>\n<p>Se trata de Romina Anal\u00eda Junco, de 42 a\u00f1os, oriunda de Calchaqu\u00ed.<\/p>\n<div class=\"youtube-embed\" data-video_id=\"\"><iframe loading=\"lazy\" title=\"Tr\u00e1gico suceso en el Hospital Central de Reconquista.\" width=\"563\" height=\"1000\" src=\"https:\/\/www.youtube.com\/embed\/sytLk4m_vFU?feature=oembed&#038;enablejsapi=1\" frameborder=\"0\" allow=\"accelerometer; autoplay; clipboard-write; encrypted-media; gyroscope; picture-in-picture; web-share\" referrerpolicy=\"strict-origin-when-cross-origin\" allowfullscreen><\/iframe><\/div>\n","protected":false},"excerpt":{"rendered":"<p>Fue a media ma\u00f1ana de hoy. Salt\u00f3 desde el primer piso del edificio. Falleci\u00f3 a causa del impacto. Esta ma\u00f1ana, alrededor de las 10, una mujer que estaba internada con una patolog\u00eda mental se suicid\u00f3 arroj\u00e1ndose desde el primer piso del edificio del Hospital Central de Reconquista. El hecho conmocion\u00f3 a propios y extra\u00f1os que [&hellip;]<\/p>\n","protected":false},"author":3,"featured_media":40678,"comment_status":"closed","ping_status":"closed","sticky":false,"template":"","format":"standard","meta":{"_joinchat":[],"footnotes":""},"categories":[55],"tags":[],"class_list":{"0":"post-40669","1":"post","2":"type-post","3":"status-publish","4":"format-standard","5":"has-post-thumbnail","7":"category-reconquista"},"_links":{"self":[{"href":"https:\/\/infovera.com.ar\/web\/wp-json\/wp\/v2\/posts\/40669","targetHints":{"allow":["GET"]}}],"collection":[{"href":"https:\/\/infovera.com.ar\/web\/wp-json\/wp\/v2\/posts"}],"about":[{"href":"https:\/\/infovera.com.ar\/web\/wp-json\/wp\/v2\/types\/post"}],"author":[{"embeddable":true,"href":"https:\/\/infovera.com.ar\/web\/wp-json\/wp\/v2\/users\/3"}],"replies":[{"embeddable":true,"href":"https:\/\/infovera.com.ar\/web\/wp-json\/wp\/v2\/comments?post=40669"}],"version-history":[{"count":0,"href":"https:\/\/infovera.com.ar\/web\/wp-json\/wp\/v2\/posts\/40669\/revisions"}],"wp:featuredmedia":[{"embeddable":true,"href":"https:\/\/infovera.com.ar\/web\/wp-json\/wp\/v2\/media\/40678"}],"wp:attachment":[{"href":"https:\/\/infovera.com.ar\/web\/wp-json\/wp\/v2\/media?parent=40669"}],"wp:term":[{"taxonomy":"category","embeddable":true,"href":"https:\/\/infovera.com.ar\/web\/wp-json\/wp\/v2\/categories?post=40669"},{"taxonomy":"post_tag","embeddable":true,"href":"https:\/\/infovera.com.ar\/web\/wp-json\/wp\/v2\/tags?post=40669"}],"curies":[{"name":"wp","href":"https:\/\/api.w.org\/{rel}","templated":true}]}}