{"id":40649,"date":"2022-10-07T12:59:11","date_gmt":"2022-10-07T15:59:11","guid":{"rendered":"https:\/\/infovera.com.ar\/web\/?p=40649"},"modified":"2022-10-07T12:59:11","modified_gmt":"2022-10-07T15:59:11","slug":"concursos-del-mpa-exigimos-respuestas-ante-la-gravedad-de-la-crisis-institucional-en-santa-fe","status":"publish","type":"post","link":"https:\/\/infovera.com.ar\/web\/2022\/10\/07\/concursos-del-mpa-exigimos-respuestas-ante-la-gravedad-de-la-crisis-institucional-en-santa-fe\/","title":{"rendered":"Concursos del MPA: \u201cExigimos respuestas ante la gravedad de la crisis institucional en Santa Fe&#8221;"},"content":{"rendered":"<p>El bloque de diputados y diputadas socialistas solicit\u00f3 una reuni\u00f3n que se llevar\u00e1 a cabo el pr\u00f3ximo martes 18 de octubre con la ministra de Gobierno, Celia Arena, y el fiscal de Estado de Santa Fe, Rub\u00e9n Weder, para pedir explicaciones sobre los \u00faltimos episodios que entorpecieron el desarrollo del concurso para designar funcionarios en el Ministerio P\u00fablico de la Acusaci\u00f3n (MPA) y del Servicio P\u00fablico de Defensa Penal (SPDP). \u201cYa hab\u00edamos anticipado que era un proceso viciado y que hab\u00eda muchas dudas al respecto. Exigimos una respuesta inmediata y que se garantice su transparencia\u201d, expres\u00f3 el diputado Joaqu\u00edn Blanco.<\/p>\n<p>\u201cEste concurso es de una importancia total para el futuro de la provincia, necesitamos la mayor transparencia y le pedimos al gobernador, Omar Perotti, que se haga cargo del proceso y que no se cometan m\u00e1s errores\u201d, dijo. \u201cLos candidatos que est\u00e1n concursando deben contar con la absoluta garant\u00eda de que sus entrevistas van a ser preparadas por un jurado id\u00f3neo y acad\u00e9micamente prestigioso\u201d, agreg\u00f3.<\/p>\n<p>\u201cNos preocupa enormemente la crisis institucional sin precedentes que est\u00e1 atravesando la provincia. Luego de lo que sucedi\u00f3 con Gabriel Somaglia, necesitamos que el Ejecutivo garantice la transparencia de este proceso. Tambi\u00e9n queremos que, cuando el a\u00f1o que viene venza el mandato de las actuales autoridades, se puedan designar nuevas y que no se provoque un bache producto de todas estas desavenencias\u201d, anticip\u00f3 Blanco.<\/p>\n<p>\u201cLa renuncia de un nuevo jurado, Arsenio Dominguez, que ten\u00eda su domicilio legal en el estudio jur\u00eddico del Secretario de Justicia de este gobierno, s\u00f3lo agrava profundamente la situaci\u00f3n. Por esto, pareciera que el Ejecutivo comprendi\u00f3 y acept\u00f3 a convocar a una reuni\u00f3n a todos los bloques el pr\u00f3ximo martes 18 de octubre, a las 17. Vamos a exigir respuestas concretas y que se garantice la absoluta transparencia del concurso antes de su continuidad\u201d, finaliz\u00f3 Blanco.<\/p>\n","protected":false},"excerpt":{"rendered":"<p>El bloque de diputados y diputadas socialistas solicit\u00f3 una reuni\u00f3n que se llevar\u00e1 a cabo el pr\u00f3ximo martes 18 de octubre con la ministra de Gobierno, Celia Arena, y el fiscal de Estado de Santa Fe, Rub\u00e9n Weder, para pedir explicaciones sobre los \u00faltimos episodios que entorpecieron el desarrollo del concurso para designar funcionarios en [&hellip;]<\/p>\n","protected":false},"author":3,"featured_media":40650,"comment_status":"closed","ping_status":"closed","sticky":false,"template":"","format":"standard","meta":{"_joinchat":[],"footnotes":""},"categories":[66],"tags":[],"class_list":{"0":"post-40649","1":"post","2":"type-post","3":"status-publish","4":"format-standard","5":"has-post-thumbnail","7":"category-politica"},"_links":{"self":[{"href":"https:\/\/infovera.com.ar\/web\/wp-json\/wp\/v2\/posts\/40649","targetHints":{"allow":["GET"]}}],"collection":[{"href":"https:\/\/infovera.com.ar\/web\/wp-json\/wp\/v2\/posts"}],"about":[{"href":"https:\/\/infovera.com.ar\/web\/wp-json\/wp\/v2\/types\/post"}],"author":[{"embeddable":true,"href":"https:\/\/infovera.com.ar\/web\/wp-json\/wp\/v2\/users\/3"}],"replies":[{"embeddable":true,"href":"https:\/\/infovera.com.ar\/web\/wp-json\/wp\/v2\/comments?post=40649"}],"version-history":[{"count":0,"href":"https:\/\/infovera.com.ar\/web\/wp-json\/wp\/v2\/posts\/40649\/revisions"}],"wp:featuredmedia":[{"embeddable":true,"href":"https:\/\/infovera.com.ar\/web\/wp-json\/wp\/v2\/media\/40650"}],"wp:attachment":[{"href":"https:\/\/infovera.com.ar\/web\/wp-json\/wp\/v2\/media?parent=40649"}],"wp:term":[{"taxonomy":"category","embeddable":true,"href":"https:\/\/infovera.com.ar\/web\/wp-json\/wp\/v2\/categories?post=40649"},{"taxonomy":"post_tag","embeddable":true,"href":"https:\/\/infovera.com.ar\/web\/wp-json\/wp\/v2\/tags?post=40649"}],"curies":[{"name":"wp","href":"https:\/\/api.w.org\/{rel}","templated":true}]}}