{"id":40646,"date":"2022-10-07T12:57:25","date_gmt":"2022-10-07T15:57:25","guid":{"rendered":"https:\/\/infovera.com.ar\/web\/?p=40646"},"modified":"2022-10-07T12:57:25","modified_gmt":"2022-10-07T15:57:25","slug":"ley-5110-las-personas-travesti-trans-mayores-de-35-y-las-mujeres-victimas-de-violencia-podran-acceder-al-beneficio","status":"publish","type":"post","link":"https:\/\/infovera.com.ar\/web\/2022\/10\/07\/ley-5110-las-personas-travesti-trans-mayores-de-35-y-las-mujeres-victimas-de-violencia-podran-acceder-al-beneficio\/","title":{"rendered":"Ley 5110: las personas travesti trans mayores de 35 y las mujeres v\u00edctimas de violencia podr\u00e1n acceder al beneficio"},"content":{"rendered":"<p>El Senado Provincial aprob\u00f3 la modificaci\u00f3n a la Ley 5110 propuesta por los senadores Alcides Calvo y Rodrigo Borla, que ya hab\u00eda tenido media sanci\u00f3n durante el mes de septiembre, para ampliar a los beneficiarios y beneficiarias de la pensi\u00f3n. En ese sentido, la norma comenzar\u00e1 a contemplar a las personas travesti trans mayores de 35 de forma permanente y de manera temporal, por el transcurso de un a\u00f1o, a las mujeres que est\u00e9n atravesando situaciones de violencia por motivos de g\u00e9nero.<\/p>\n<p>En la oportunidad, la subsecretaria de Pol\u00edticas de Igualdad y Diversidad, Nerea Tacari, manifest\u00f3: \u201cLo que hace esta modificaci\u00f3n es atender a las nuevas demandas de este siglo en materia de derechos y tiene en cuenta e intenta reparar una desigualdad hist\u00f3rica en relaci\u00f3n a las personas travesti- trans porque adem\u00e1s de estas modificaciones concretas la ley ha sido modificada para que en su redacci\u00f3n tenga perspectiva de g\u00e9nero y de derechos humanos, elimin\u00e1ndose expresiones que ya no est\u00e1n acordes al mundo contempor\u00e1neo\u201d.<\/p>\n<p>\u201cEn relaci\u00f3n a la inclusi\u00f3n de las personas travesti trans mayores de 35 a\u00f1os, recordemos la situaci\u00f3n de vulnerabilidad en la que muchas vivieron y viven, sosteniendo una expectativa de vida entre 35 y 40 a\u00f1os. Con esta y otras acciones como el Espacio Educativo Trans, Travesti y Disidente, los cupos trans en los distintos niveles del estado y otras medidas nos proponemos achicar esa brecha. Lo mismo en el caso de las mujeres que est\u00e1n atravesando situaciones de violencia, la pensi\u00f3n por un tiempo determinado le va a permitir tener un ingreso monetario ya que entendemos que la dependencia econ\u00f3mica est\u00e1 al pie de la pir\u00e1mide que sostiene un v\u00ednculo violento\u201d, agreg\u00f3 la funcionaria.<\/p>\n<p>Y continu\u00f3: \u201cEstamos muy contentas de que se haya dado este paso, que tambi\u00e9n est\u00e1 enmarcado en un trabajo que llevamos adelante desde este ministerio con las autoridades de la Caja de Pensiones Sociales de la provincia, su director Jos\u00e9 Luis Rosetto, y que tiene adem\u00e1s como antecedente las demandas de los activismos y militancias de las organizaciones travesti-trans de nuestro territorio, como por ejemplo Comunidad Trans de Rosario\u201d.<\/p>\n<p>En esa l\u00ednea, el director de la Caja de Pensiones Sociales, Jos\u00e9 Luis Rosetto sostuvo que &#8220;la reforma de la ley 5110 consiste en transformar la caja de pensiones sociales de la provincia de Santa Fe. Nuestra ley de pensiones no contributivas de la provincia de Santa Fe es de 1942 lo que requer\u00eda una necesaria adecuaci\u00f3n y ampliaci\u00f3n de los distintos escenarios sociales que se fueron sucediendo a trav\u00e9s de aquel momento en que se aprob\u00f3 esta ley&#8221;.<\/p>\n<p>&#8220;Esta reforma se trabaj\u00f3 con la gente de la Secretar\u00eda de Igualdad y G\u00e9nero, hoy Ministerio de Igualdad, G\u00e9nero y Diversidad de la provincia, para ampliar los derechos y tambi\u00e9n generar una herramienta para estos casos sociales&#8221;, finaliz\u00f3 Rosetto.<\/p>\n","protected":false},"excerpt":{"rendered":"<p>El Senado Provincial aprob\u00f3 la modificaci\u00f3n a la Ley 5110 propuesta por los senadores Alcides Calvo y Rodrigo Borla, que ya hab\u00eda tenido media sanci\u00f3n durante el mes de septiembre, para ampliar a los beneficiarios y beneficiarias de la pensi\u00f3n. En ese sentido, la norma comenzar\u00e1 a contemplar a las personas travesti trans mayores de [&hellip;]<\/p>\n","protected":false},"author":3,"featured_media":40647,"comment_status":"closed","ping_status":"closed","sticky":false,"template":"","format":"standard","meta":{"_joinchat":[],"footnotes":""},"categories":[60],"tags":[],"class_list":{"0":"post-40646","1":"post","2":"type-post","3":"status-publish","4":"format-standard","5":"has-post-thumbnail","7":"category-provinciales"},"_links":{"self":[{"href":"https:\/\/infovera.com.ar\/web\/wp-json\/wp\/v2\/posts\/40646","targetHints":{"allow":["GET"]}}],"collection":[{"href":"https:\/\/infovera.com.ar\/web\/wp-json\/wp\/v2\/posts"}],"about":[{"href":"https:\/\/infovera.com.ar\/web\/wp-json\/wp\/v2\/types\/post"}],"author":[{"embeddable":true,"href":"https:\/\/infovera.com.ar\/web\/wp-json\/wp\/v2\/users\/3"}],"replies":[{"embeddable":true,"href":"https:\/\/infovera.com.ar\/web\/wp-json\/wp\/v2\/comments?post=40646"}],"version-history":[{"count":0,"href":"https:\/\/infovera.com.ar\/web\/wp-json\/wp\/v2\/posts\/40646\/revisions"}],"wp:featuredmedia":[{"embeddable":true,"href":"https:\/\/infovera.com.ar\/web\/wp-json\/wp\/v2\/media\/40647"}],"wp:attachment":[{"href":"https:\/\/infovera.com.ar\/web\/wp-json\/wp\/v2\/media?parent=40646"}],"wp:term":[{"taxonomy":"category","embeddable":true,"href":"https:\/\/infovera.com.ar\/web\/wp-json\/wp\/v2\/categories?post=40646"},{"taxonomy":"post_tag","embeddable":true,"href":"https:\/\/infovera.com.ar\/web\/wp-json\/wp\/v2\/tags?post=40646"}],"curies":[{"name":"wp","href":"https:\/\/api.w.org\/{rel}","templated":true}]}}