{"id":40645,"date":"2022-10-07T13:04:28","date_gmt":"2022-10-07T16:04:28","guid":{"rendered":"https:\/\/infovera.com.ar\/web\/?p=40645"},"modified":"2022-10-08T12:28:01","modified_gmt":"2022-10-08T15:28:01","slug":"que-dijo-el-fiscal-sobre-el-profesor-investigado-por-acoso-en-una-escuela-de-calchaqui","status":"publish","type":"post","link":"https:\/\/infovera.com.ar\/web\/2022\/10\/07\/que-dijo-el-fiscal-sobre-el-profesor-investigado-por-acoso-en-una-escuela-de-calchaqui\/","title":{"rendered":"Qu\u00e9 dijo el fiscal sobre el caso del profesor investigado por acoso en una escuela de Calchaqu\u00ed"},"content":{"rendered":"<p><strong>El fiscal Nicol\u00e1s Maglier se refiri\u00f3 al caso en di\u00e1logo con InfoVera.<\/strong><\/p>\n<p>Luego de que esta semana se conociera la denuncia contra un profesor de la Escuela de Educaci\u00f3n T\u00e9cnica N\u00ba 642 de Calchaqu\u00ed, el fiscal que investiga lo sucedido cont\u00f3 c\u00f3mo avanza la causa.<\/p>\n<p>El Dr. Nicol\u00e1s Maglier, de la Unidad Fiscal Vera, sostuvo a este medio que &#8220;la denuncia se hizo por parte del socieducativo en Reconquista, pero despu\u00e9s me la comunicaron. Les solicit\u00e9 que entrevisten a toda v\u00edctima y\/o testigo&#8221;.<\/p>\n<p>En tal sentido, agreg\u00f3 que &#8220;cuando env\u00eden el legajo, si hay elementos, va a ser imputado en fecha a confirmar&#8221;.<\/p>\n<p>En cuanto al posible delito, indic\u00f3 que &#8220;cuando me pasen todas las entrevistas se ver\u00e1 si es acoso o abuso simple&#8221;, y precis\u00f3 que &#8220;el primero es contravenci\u00f3n, y lo segundo, delito&#8221;.<\/p>\n<p>De todas maneras, de avanzar en imputar al docente denunciado esa tarea podr\u00eda caberle a otro fiscal dado que Maglier tiene previsto tomar 7 d\u00edas de licencia compensatoria.<\/p>\n<p>Pudo saberse, adem\u00e1s, que el profesor en cuesti\u00f3n, fue separado preventivamente del cargo por las autoridades educativas hasta tanto se clarifique su situaci\u00f3n procesal<\/p>\n<p>Las pretensas v\u00edctimas a las que hizo menci\u00f3n el fiscal son alumnas que asisten al establecimiento ubicado sobre Boulevard Belgrano.<\/p>\n","protected":false},"excerpt":{"rendered":"<p>El fiscal Nicol\u00e1s Maglier se refiri\u00f3 al caso en di\u00e1logo con InfoVera. Luego de que esta semana se conociera la denuncia contra un profesor de la Escuela de Educaci\u00f3n T\u00e9cnica N\u00ba 642 de Calchaqu\u00ed, el fiscal que investiga lo sucedido cont\u00f3 c\u00f3mo avanza la causa. El Dr. Nicol\u00e1s Maglier, de la Unidad Fiscal Vera, sostuvo [&hellip;]<\/p>\n","protected":false},"author":3,"featured_media":40655,"comment_status":"closed","ping_status":"closed","sticky":false,"template":"","format":"standard","meta":{"_joinchat":[],"footnotes":""},"categories":[52,30],"tags":[],"class_list":{"0":"post-40645","1":"post","2":"type-post","3":"status-publish","4":"format-standard","5":"has-post-thumbnail","7":"category-calchaqui","8":"category-policiales"},"_links":{"self":[{"href":"https:\/\/infovera.com.ar\/web\/wp-json\/wp\/v2\/posts\/40645","targetHints":{"allow":["GET"]}}],"collection":[{"href":"https:\/\/infovera.com.ar\/web\/wp-json\/wp\/v2\/posts"}],"about":[{"href":"https:\/\/infovera.com.ar\/web\/wp-json\/wp\/v2\/types\/post"}],"author":[{"embeddable":true,"href":"https:\/\/infovera.com.ar\/web\/wp-json\/wp\/v2\/users\/3"}],"replies":[{"embeddable":true,"href":"https:\/\/infovera.com.ar\/web\/wp-json\/wp\/v2\/comments?post=40645"}],"version-history":[{"count":0,"href":"https:\/\/infovera.com.ar\/web\/wp-json\/wp\/v2\/posts\/40645\/revisions"}],"wp:featuredmedia":[{"embeddable":true,"href":"https:\/\/infovera.com.ar\/web\/wp-json\/wp\/v2\/media\/40655"}],"wp:attachment":[{"href":"https:\/\/infovera.com.ar\/web\/wp-json\/wp\/v2\/media?parent=40645"}],"wp:term":[{"taxonomy":"category","embeddable":true,"href":"https:\/\/infovera.com.ar\/web\/wp-json\/wp\/v2\/categories?post=40645"},{"taxonomy":"post_tag","embeddable":true,"href":"https:\/\/infovera.com.ar\/web\/wp-json\/wp\/v2\/tags?post=40645"}],"curies":[{"name":"wp","href":"https:\/\/api.w.org\/{rel}","templated":true}]}}