{"id":40635,"date":"2022-10-06T13:19:35","date_gmt":"2022-10-06T16:19:35","guid":{"rendered":"https:\/\/infovera.com.ar\/web\/?p=40635"},"modified":"2022-10-08T10:55:38","modified_gmt":"2022-10-08T13:55:38","slug":"por-abrumadora-mayoria-los-docentes-verenses-votaron-por-aceptar-la-propuesta-salarial","status":"publish","type":"post","link":"https:\/\/infovera.com.ar\/web\/2022\/10\/06\/por-abrumadora-mayoria-los-docentes-verenses-votaron-por-aceptar-la-propuesta-salarial\/","title":{"rendered":"Por abrumadora mayor\u00eda los docentes verenses votaron por aceptar la propuesta salarial"},"content":{"rendered":"<p><strong>Los escrutinios en ambos departamentos fueron contundentes. La moci\u00f3n Aceptar se impuso por amplios m\u00e1rgenes.<\/strong><\/p>\n<p>Este jueves se vot\u00f3 en la escuelas de los departamentos Vera y General Obligado entre mociones de aceptaci\u00f3n o rechazo a la propuesta salarial del gobierno provincial.<\/p>\n<p>Por amplia mayor\u00eda, los docentes p\u00fablicos de ambos territorios nucleados en AMSAFE se manifestaron con ccontundencia por aceptar la nueva ofera salarial de la Casa Gris.<\/p>\n<p>En Vera, la moci\u00f3n Aceptar consech\u00f3 735 votos, contra 78 votos de rechazo y 1 abstenci\u00f3n.<\/p>\n<p>En tanto, en General Obligado los resultados fueron de id\u00e9ntico tenor. Finalizado el escrutinio de la votaci\u00f3n, el guarismo departamental fue el siguiente:<\/p>\n<p>Moci\u00f3n 1: Aceptar 1200 votos<br \/>\nMoci\u00f3n 2, Rechazar , paro de 48 y 48 hs: 362 votos<br \/>\nMoci\u00f3n 3, Aceptar con quite de colaboraci\u00f3n: 47 votos.<br \/>\nMoci\u00f3n 4, Rechazar sin medidas: 23 votos<\/p>\n<p>Votaron un total de 1632 afiliados de 165 escuelas, inform\u00f3 la delegaci\u00f3n de G. O. de AMSAFE, desde donde celebraron &#8220;la participaci\u00f3n activa de los compa\u00f1eros\/as afiliados\/as en todo el departamento que se expresaron votando las mociones del mandato surgido de la Asamblea Departamental. Esta es la democracia interna que nos enorgullece&#8221;.<\/p>\n<p>Como correlato, esta ma\u00f1ana la Asamblea Provincial de Amsafe, el gremio de los docentes estatatales, acept\u00f3 la propuesta salarial del gobierno formulada en el marco de la negociaci\u00f3n paritaria, por lo cual recibir\u00e1n el incremento ofrecido y el monto de los dias descontados por paros, a la vez que no habr\u00e1 por el momento nuevas medidas de fuerza.<\/p>\n<p>El resultado provincial fue:<\/p>\n<p>Aceptar 18.222 votos<\/p>\n<p>Rechazar 14.774 votos<\/p>\n<p>&nbsp;<\/p>\n","protected":false},"excerpt":{"rendered":"<p>Los escrutinios en ambos departamentos fueron contundentes. La moci\u00f3n Aceptar se impuso por amplios m\u00e1rgenes. Este jueves se vot\u00f3 en la escuelas de los departamentos Vera y General Obligado entre mociones de aceptaci\u00f3n o rechazo a la propuesta salarial del gobierno provincial. Por amplia mayor\u00eda, los docentes p\u00fablicos de ambos territorios nucleados en AMSAFE se [&hellip;]<\/p>\n","protected":false},"author":3,"featured_media":37470,"comment_status":"closed","ping_status":"closed","sticky":false,"template":"","format":"standard","meta":{"_joinchat":[],"footnotes":""},"categories":[53],"tags":[],"class_list":{"0":"post-40635","1":"post","2":"type-post","3":"status-publish","4":"format-standard","5":"has-post-thumbnail","7":"category-vera"},"_links":{"self":[{"href":"https:\/\/infovera.com.ar\/web\/wp-json\/wp\/v2\/posts\/40635","targetHints":{"allow":["GET"]}}],"collection":[{"href":"https:\/\/infovera.com.ar\/web\/wp-json\/wp\/v2\/posts"}],"about":[{"href":"https:\/\/infovera.com.ar\/web\/wp-json\/wp\/v2\/types\/post"}],"author":[{"embeddable":true,"href":"https:\/\/infovera.com.ar\/web\/wp-json\/wp\/v2\/users\/3"}],"replies":[{"embeddable":true,"href":"https:\/\/infovera.com.ar\/web\/wp-json\/wp\/v2\/comments?post=40635"}],"version-history":[{"count":0,"href":"https:\/\/infovera.com.ar\/web\/wp-json\/wp\/v2\/posts\/40635\/revisions"}],"wp:featuredmedia":[{"embeddable":true,"href":"https:\/\/infovera.com.ar\/web\/wp-json\/wp\/v2\/media\/37470"}],"wp:attachment":[{"href":"https:\/\/infovera.com.ar\/web\/wp-json\/wp\/v2\/media?parent=40635"}],"wp:term":[{"taxonomy":"category","embeddable":true,"href":"https:\/\/infovera.com.ar\/web\/wp-json\/wp\/v2\/categories?post=40635"},{"taxonomy":"post_tag","embeddable":true,"href":"https:\/\/infovera.com.ar\/web\/wp-json\/wp\/v2\/tags?post=40635"}],"curies":[{"name":"wp","href":"https:\/\/api.w.org\/{rel}","templated":true}]}}