{"id":40615,"date":"2022-10-06T09:32:44","date_gmt":"2022-10-06T12:32:44","guid":{"rendered":"https:\/\/infovera.com.ar\/web\/?p=40615"},"modified":"2022-10-06T09:32:44","modified_gmt":"2022-10-06T12:32:44","slug":"el-recuerdo-de-los-octubres-en-los-que-reinaba-el-teatro-estudiantil","status":"publish","type":"post","link":"https:\/\/infovera.com.ar\/web\/2022\/10\/06\/el-recuerdo-de-los-octubres-en-los-que-reinaba-el-teatro-estudiantil\/","title":{"rendered":"El recuerdo de los octubres en los que reinaba el teatro estudiantil"},"content":{"rendered":"<p><strong>Un exfuncionario municipal verense trajo al presente las vivencias que impregnaban cada rinc\u00f3n de la ciudad en los meses de octubre con los festivales de teatro de las escuelas secundarias.<\/strong><\/p>\n<p>La profesora Beatriz Villasboas, que fuera secretaria municipal de Cultura, evoc\u00f3 aquel acontecimiento en una publicaci\u00f3n en sus redes: &#8220;Octubre fue por muchos a\u00f1os el mes del teatro estudiantil en Vera, durante la intendencia de Reynaldo Fabbroni.<\/p>\n<p>Cientos de adolescentes y j\u00f3venes de la cuidad y el distrito participaban de esta propuesta cultural, que significaba trabajo mancomunado de municipio, escuela y familia,durante todo el a\u00f1o escolar.Las actividades inclu\u00edan lectura, an\u00e1lisis de la obra, distribuci\u00f3n de tareas actorales, escenogr\u00e1ficas, de vestuario, musicalizaci\u00f3n, ensayos, difusi\u00f3n, entre otras.<\/p>\n<p>El teatro posibilitaba la tarea en equipo,el descubrimiento y desarrollo de las distintas habilidades de los adolescentes, el sentido de pertenencia, la valoraci\u00f3n de la tarea del otro.<\/p>\n<p>Un programa pensado para brindar espacios de expresi\u00f3n y contenci\u00f3n de nuestros chicos, entre sus m\u00faltiples beneficios&#8230;&#8221;.<\/p>\n","protected":false},"excerpt":{"rendered":"<p>Un exfuncionario municipal verense trajo al presente las vivencias que impregnaban cada rinc\u00f3n de la ciudad en los meses de octubre con los festivales de teatro de las escuelas secundarias. La profesora Beatriz Villasboas, que fuera secretaria municipal de Cultura, evoc\u00f3 aquel acontecimiento en una publicaci\u00f3n en sus redes: &#8220;Octubre fue por muchos a\u00f1os el [&hellip;]<\/p>\n","protected":false},"author":3,"featured_media":40616,"comment_status":"closed","ping_status":"closed","sticky":false,"template":"","format":"standard","meta":{"_joinchat":[],"footnotes":""},"categories":[53],"tags":[],"class_list":{"0":"post-40615","1":"post","2":"type-post","3":"status-publish","4":"format-standard","5":"has-post-thumbnail","7":"category-vera"},"_links":{"self":[{"href":"https:\/\/infovera.com.ar\/web\/wp-json\/wp\/v2\/posts\/40615","targetHints":{"allow":["GET"]}}],"collection":[{"href":"https:\/\/infovera.com.ar\/web\/wp-json\/wp\/v2\/posts"}],"about":[{"href":"https:\/\/infovera.com.ar\/web\/wp-json\/wp\/v2\/types\/post"}],"author":[{"embeddable":true,"href":"https:\/\/infovera.com.ar\/web\/wp-json\/wp\/v2\/users\/3"}],"replies":[{"embeddable":true,"href":"https:\/\/infovera.com.ar\/web\/wp-json\/wp\/v2\/comments?post=40615"}],"version-history":[{"count":0,"href":"https:\/\/infovera.com.ar\/web\/wp-json\/wp\/v2\/posts\/40615\/revisions"}],"wp:featuredmedia":[{"embeddable":true,"href":"https:\/\/infovera.com.ar\/web\/wp-json\/wp\/v2\/media\/40616"}],"wp:attachment":[{"href":"https:\/\/infovera.com.ar\/web\/wp-json\/wp\/v2\/media?parent=40615"}],"wp:term":[{"taxonomy":"category","embeddable":true,"href":"https:\/\/infovera.com.ar\/web\/wp-json\/wp\/v2\/categories?post=40615"},{"taxonomy":"post_tag","embeddable":true,"href":"https:\/\/infovera.com.ar\/web\/wp-json\/wp\/v2\/tags?post=40615"}],"curies":[{"name":"wp","href":"https:\/\/api.w.org\/{rel}","templated":true}]}}