{"id":40612,"date":"2022-10-06T09:20:04","date_gmt":"2022-10-06T12:20:04","guid":{"rendered":"https:\/\/infovera.com.ar\/web\/?p=40612"},"modified":"2022-10-06T09:20:04","modified_gmt":"2022-10-06T12:20:04","slug":"el-lunes-se-juega-la-primera-final-de-reserva-de-la-lvf","status":"publish","type":"post","link":"https:\/\/infovera.com.ar\/web\/2022\/10\/06\/el-lunes-se-juega-la-primera-final-de-reserva-de-la-lvf\/","title":{"rendered":"El lunes se juega la primera final de Reserva de la LVF"},"content":{"rendered":"<p><strong>El lunes 10 de octubre se juega el partido de ida de la final de Divisi\u00f3n Reserva.<\/strong><\/p>\n<p>Se enfrentar\u00e1n Calchaqui FC vs Hurac\u00e1n LC, en Calchaqu\u00ed a la 17:30.<\/p>\n<p>El partido de vuelta en La Criolla se jugar\u00e1 en d\u00eda y horario a confirmar para saber qui\u00e9n es el campe\u00f3n 2022.<\/p>\n<p>Adem\u00e1s, se disputar\u00e1n\u00a0 con total normalidad los partidos de Primera Divisi\u00f3n de ambas etapas.<\/p>\n<p>Detallamos a continuaci\u00f3n&#8230;<\/p>\n<p><strong>ETAPA CUADRANGULAR<\/strong><\/p>\n<p><strong>1ER RUEDA &#8211; 3ERA FECHA<\/strong><\/p>\n<p>Hurac\u00e1n LC vs Central SJ, s\u00e1bado 8 a las 16hs.<\/p>\n<p>Gardel vs Hurac\u00e1n FBC, omingo 9 a las 16:30hs<\/p>\n<p><strong>ETAPA CLASIFICATORIA<\/strong><br \/>\n<strong>2DA RUEDA &#8211; 1ER FECHA<\/strong><\/p>\n<p>Calchaqu\u00ed FC vs Sarmiento, viernes 7 a las 18:45hs<\/p>\n<p>Gimnasia vs Alumni, lunes 10 a las 16hs<\/p>\n<p>Dep. Alejandra VS Hurac\u00e1n SJ, domingo 10 a las 16hs.<\/p>\n<p>River Plate vs Giuliani, lunes 10 a las 16:45hs<\/p>\n<p>Olmos VS Ferro, horario y d\u00eda confirmar<\/p>\n<p>Quedan libres: Central Colonia, Estudiantes, Belgrano, Uni\u00f3n y Mitre.<\/p>\n","protected":false},"excerpt":{"rendered":"<p>El lunes 10 de octubre se juega el partido de ida de la final de Divisi\u00f3n Reserva. Se enfrentar\u00e1n Calchaqui FC vs Hurac\u00e1n LC, en Calchaqu\u00ed a la 17:30. El partido de vuelta en La Criolla se jugar\u00e1 en d\u00eda y horario a confirmar para saber qui\u00e9n es el campe\u00f3n 2022. Adem\u00e1s, se disputar\u00e1n\u00a0 con [&hellip;]<\/p>\n","protected":false},"author":3,"featured_media":40613,"comment_status":"closed","ping_status":"closed","sticky":false,"template":"","format":"standard","meta":{"_joinchat":[],"footnotes":""},"categories":[31,56,35],"tags":[],"class_list":{"0":"post-40612","1":"post","2":"type-post","3":"status-publish","4":"format-standard","5":"has-post-thumbnail","7":"category-deportes","8":"category-destacados","9":"category-futbol"},"_links":{"self":[{"href":"https:\/\/infovera.com.ar\/web\/wp-json\/wp\/v2\/posts\/40612","targetHints":{"allow":["GET"]}}],"collection":[{"href":"https:\/\/infovera.com.ar\/web\/wp-json\/wp\/v2\/posts"}],"about":[{"href":"https:\/\/infovera.com.ar\/web\/wp-json\/wp\/v2\/types\/post"}],"author":[{"embeddable":true,"href":"https:\/\/infovera.com.ar\/web\/wp-json\/wp\/v2\/users\/3"}],"replies":[{"embeddable":true,"href":"https:\/\/infovera.com.ar\/web\/wp-json\/wp\/v2\/comments?post=40612"}],"version-history":[{"count":0,"href":"https:\/\/infovera.com.ar\/web\/wp-json\/wp\/v2\/posts\/40612\/revisions"}],"wp:featuredmedia":[{"embeddable":true,"href":"https:\/\/infovera.com.ar\/web\/wp-json\/wp\/v2\/media\/40613"}],"wp:attachment":[{"href":"https:\/\/infovera.com.ar\/web\/wp-json\/wp\/v2\/media?parent=40612"}],"wp:term":[{"taxonomy":"category","embeddable":true,"href":"https:\/\/infovera.com.ar\/web\/wp-json\/wp\/v2\/categories?post=40612"},{"taxonomy":"post_tag","embeddable":true,"href":"https:\/\/infovera.com.ar\/web\/wp-json\/wp\/v2\/tags?post=40612"}],"curies":[{"name":"wp","href":"https:\/\/api.w.org\/{rel}","templated":true}]}}