{"id":40602,"date":"2022-10-05T16:57:43","date_gmt":"2022-10-05T19:57:43","guid":{"rendered":"https:\/\/infovera.com.ar\/web\/?p=40602"},"modified":"2022-10-05T16:57:43","modified_gmt":"2022-10-05T19:57:43","slug":"la-gallareta-suma-otra-cuadra-de-ripio","status":"publish","type":"post","link":"https:\/\/infovera.com.ar\/web\/2022\/10\/05\/la-gallareta-suma-otra-cuadra-de-ripio\/","title":{"rendered":"La Gallareta suma otra cuadra de ripio"},"content":{"rendered":"<p>As\u00ed lo celebro su presidente comunal, Fernando Nicola:<\/p>\n<p>&#8220;En el d\u00eda de hoy concretamos una cuadra m\u00e1s de ripio en nuestra localidad. En la calle Lavalle para conectar con Rivadavia, logrando as\u00ed completar un circuito para transitar los d\u00edas de lluvia y mejorar la calidad de vida de nuestros vecinos.<\/p>\n<p>En lo que va de la gesti\u00f3n, tan solo en 5 a\u00f1os, logramos estas estad\u00edsticas en calles urbanas:<\/p>\n<p>\u2022 9 cuadras de asfalto nuevas.<\/p>\n<p>\u2022 9 cuadras de cord\u00f3n cuneta y ripio.<\/p>\n<p>\u2022 21 cuadras de ripio nuevas.<\/p>\n<p>Suma un total de 39 calles nuevas entre asfalto, cord\u00f3n cuneta y ripios.<\/p>\n<p>Es un orgullo inmenso para nosotros poder demostrar, con hechos, los compromisos que asumimos el 10 de diciembre de 2017.<\/p>\n<p>Gracias comunidad por confiar y apoyar esta gestion siempre&#8221;.<\/p>\n","protected":false},"excerpt":{"rendered":"<p>As\u00ed lo celebro su presidente comunal, Fernando Nicola: &#8220;En el d\u00eda de hoy concretamos una cuadra m\u00e1s de ripio en nuestra localidad. En la calle Lavalle para conectar con Rivadavia, logrando as\u00ed completar un circuito para transitar los d\u00edas de lluvia y mejorar la calidad de vida de nuestros vecinos. En lo que va de [&hellip;]<\/p>\n","protected":false},"author":3,"featured_media":40603,"comment_status":"closed","ping_status":"closed","sticky":false,"template":"","format":"standard","meta":{"_joinchat":[],"footnotes":""},"categories":[61],"tags":[],"class_list":{"0":"post-40602","1":"post","2":"type-post","3":"status-publish","4":"format-standard","5":"has-post-thumbnail","7":"category-regionales"},"_links":{"self":[{"href":"https:\/\/infovera.com.ar\/web\/wp-json\/wp\/v2\/posts\/40602","targetHints":{"allow":["GET"]}}],"collection":[{"href":"https:\/\/infovera.com.ar\/web\/wp-json\/wp\/v2\/posts"}],"about":[{"href":"https:\/\/infovera.com.ar\/web\/wp-json\/wp\/v2\/types\/post"}],"author":[{"embeddable":true,"href":"https:\/\/infovera.com.ar\/web\/wp-json\/wp\/v2\/users\/3"}],"replies":[{"embeddable":true,"href":"https:\/\/infovera.com.ar\/web\/wp-json\/wp\/v2\/comments?post=40602"}],"version-history":[{"count":0,"href":"https:\/\/infovera.com.ar\/web\/wp-json\/wp\/v2\/posts\/40602\/revisions"}],"wp:featuredmedia":[{"embeddable":true,"href":"https:\/\/infovera.com.ar\/web\/wp-json\/wp\/v2\/media\/40603"}],"wp:attachment":[{"href":"https:\/\/infovera.com.ar\/web\/wp-json\/wp\/v2\/media?parent=40602"}],"wp:term":[{"taxonomy":"category","embeddable":true,"href":"https:\/\/infovera.com.ar\/web\/wp-json\/wp\/v2\/categories?post=40602"},{"taxonomy":"post_tag","embeddable":true,"href":"https:\/\/infovera.com.ar\/web\/wp-json\/wp\/v2\/tags?post=40602"}],"curies":[{"name":"wp","href":"https:\/\/api.w.org\/{rel}","templated":true}]}}