{"id":40559,"date":"2022-10-03T18:09:38","date_gmt":"2022-10-03T21:09:38","guid":{"rendered":"https:\/\/infovera.com.ar\/web\/?p=40559"},"modified":"2022-10-03T18:09:38","modified_gmt":"2022-10-03T21:09:38","slug":"la-provincia-invierte-mas-de-2-878-millones-en-la-construccion-y-reparacion-de-10-puentes","status":"publish","type":"post","link":"https:\/\/infovera.com.ar\/web\/2022\/10\/03\/la-provincia-invierte-mas-de-2-878-millones-en-la-construccion-y-reparacion-de-10-puentes\/","title":{"rendered":"La provincia invierte m\u00e1s de $ 2.878 millones en la construcci\u00f3n y reparaci\u00f3n de 10 puentes"},"content":{"rendered":"<p>El Ministerio de Infraestructura, Servicios P\u00fablicos y H\u00e1bitat lleva a cabo un conjunto de obras de reparaci\u00f3n y construcci\u00f3n de estructuras viales que se ejecutan en distintos departamentos del territorio provincial, con una inversi\u00f3n superior a los 2.878 millones de pesos.<\/p>\n<p>&nbsp;<\/p>\n<p>Al respecto, la ministra de esa cartera, Silvina Frana, expres\u00f3 que &#8220;la obra p\u00fablica es un faro de esta gesti\u00f3n que escucha y responde a las necesidades en cada una de las localidades de la provincia, para impulsar el desarrollo; la producci\u00f3n; y promover la generaci\u00f3n de empleo. Esa decisi\u00f3n pol\u00edtica que nos encomend\u00f3 el gobernador Omar Perotti puede verse en obras y no se detuvo, a pesar de la pandemia o de la situaci\u00f3n econ\u00f3mica&#8221;.<\/p>\n<p>&nbsp;<\/p>\n<p>\u201cEsto no es algo aislado, forma parte de una gran inversi\u00f3n y de un plan vial que permite no solamente unir localidades sino, tambi\u00e9n, v\u00edas productivas, acompa\u00f1ando al que trabaja y produce en el d\u00eda a d\u00eda; al que pone todo su esfuerzo en crecer. Y con un Estado que acompa\u00f1a estos esfuerzos con acciones concretas, que mejoran la realidad de nuestra gente. Vamos a dejar un legado para que, quien venga, no detenga las obras en marcha; porque no es lo mismo anunciar que hacer\u201d, concluy\u00f3 Frana.<\/p>\n<p>&nbsp;<\/p>\n<p>En tanto, el administrador general de la direcci\u00f3n provincial de Vialidad (DPV), Oscar Ceschi, remarc\u00f3 que &#8220;son muchos los miles de millones de pesos que se est\u00e1n invirtiendo en toda la provincia en obras de estas caracter\u00edsticas, para mejorar la seguridad y la transitabilidad de nuestras rutas y caminos. Esto es lo que estamos haciendo desde el primer d\u00eda de gesti\u00f3n\u201d.<\/p>\n<p>&nbsp;<\/p>\n<p>AVANZA LA CONSTRUCCI\u00d3N DEL PUENTE ACEBAL- PAV\u00d3N ARRIBA<\/p>\n<p>&nbsp;<\/p>\n<p>La obra del nuevo puente sobre el Arroyo El Sauce, en la ruta provincial N\u00b020-s, zona sudeste del territorio, supera el 60% de avance, con un presupuesto actualizado de 481.198.854,48 pesos, a cargo de la Uni\u00f3n Transitoria (UT) Pibeco S.A. y Rinaudo S.R.L.<\/p>\n<p>&nbsp;<\/p>\n<p>Luego de haber realizado los controles de integridad y capacidad portante correspondientes para la infraestructura, durante los \u00faltimos d\u00edas comenz\u00f3 el montaje de las vigas longitudinales de hormig\u00f3n pretensado sobre las pilas de base.<\/p>\n<p>&nbsp;<\/p>\n<p>Sobre estos trabajos, Ceschi destac\u00f3 que &#8220;el puente nuevo es un sue\u00f1o para los vecinos de ambas localidades que, con gran determinaci\u00f3n desde el gobierno provincial comandado por Omar Perotti, se decidi\u00f3 afrontar. La idea principal es que cada comuna tenga mejores posibilidades y esta obra es una prueba fiel de ese objetivo que nos encomendaron&#8221;.<\/p>\n<p>&nbsp;<\/p>\n<p>La estructura, contar\u00e1 con 12 vigas, de las cuales ocho ya fueron colocadas y las restantes se est\u00e1n elaborando en el obrador. Cabe destacar, que tendr\u00e1 una longitud total de 67,35 metros (8,3 de calzada) en reemplazo del puente demolido que contaba con 30 metros y 4,6 de ancho para la circulaci\u00f3n.<\/p>\n<p>&nbsp;<\/p>\n<p>En tanto, tambi\u00e9n se realizan tareas de extracci\u00f3n lateral para la conformaci\u00f3n de nuevas cunetas y el alteo de la calzada principal. La obra cuenta con un plazo de ejecuci\u00f3n de 18 meses y la finalizaci\u00f3n estimada es para junio de 2023.<\/p>\n<p>&nbsp;<\/p>\n<p>UNA POL\u00cdTICA DE ESTADO EN TODO EL TERRITORIO<\/p>\n<p>&nbsp;<\/p>\n<p>Actualmente, hay seis obras activas por unos 2.620 millones de pesos. Con fines tur\u00edsticos, en el departamento General Obligado, se invierten m\u00e1s de 1.636 millones de pesos en el nuevo puente de 308 metros de largo sobre el Arroyo Paran\u00e1 Min\u00ed, en la ruta provincial N\u00b032, tramo Villa Ocampo &#8211; Puerto Ocampo. Adem\u00e1s, se ejecuta una nueva conexi\u00f3n de hormig\u00f3n sobre el Arroyo &#8220;El Cinco&#8221;, en el trayecto entre Florencia y Puerto Piracu\u00e1, con un presupuesto actualizado de 178 millones.<\/p>\n<p>&nbsp;<\/p>\n<p>En la zona centro y sur, las obras en ejecuci\u00f3n, adem\u00e1s de la que se desarrolla entre Acebal y Pav\u00f3n Arriba, se llevan adelante por un total de 324 millones de pesos, una nueva construcci\u00f3n y el reemplazo de una estructura bailey sobre la ruta provincial N\u00b044-s (cercan\u00edas a Centeno, departamento San Jer\u00f3nimo); adem\u00e1s del ensanche sobre Ca\u00f1ada Qui\u00f1ones (ruta provincial N\u00b010, departamento Las Colonias) y sobre Canal Serodino (ruta provincial N\u00b091, departamento Iriondo).<\/p>\n<p>&nbsp;<\/p>\n<p>En tanto, en los \u00faltimos meses se finalizaron cuatro nuevos puentes: sobre la Laguna La Verdecita (l\u00edmite entre Vera, 9 de Julio y San Crist\u00f3bal, con una inversi\u00f3n de 171 millones de pesos) y sobre Ca\u00f1ada Los Leones (departamento Caseros, por 52 millones).<\/p>\n<p>&nbsp;<\/p>\n<p>Respecto de las reparaciones, se terminaron las intervenciones sobre dos puntos de la autopista Rosario &#8211; Santa Fe: r\u00edo Carcara\u00f1\u00e1 (kil\u00f3metro 29, l\u00edmite departamentos San Lorenzo &#8211; Iriondo) por 19 millones de pesos y en jurisdicci\u00f3n de Coronda (kil\u00f3metro 106, departamento San Jer\u00f3nimo) por 14 millones de pesos.<\/p>\n","protected":false},"excerpt":{"rendered":"<p>El Ministerio de Infraestructura, Servicios P\u00fablicos y H\u00e1bitat lleva a cabo un conjunto de obras de reparaci\u00f3n y construcci\u00f3n de estructuras viales que se ejecutan en distintos departamentos del territorio provincial, con una inversi\u00f3n superior a los 2.878 millones de pesos. &nbsp; Al respecto, la ministra de esa cartera, Silvina Frana, expres\u00f3 que &#8220;la obra [&hellip;]<\/p>\n","protected":false},"author":3,"featured_media":40560,"comment_status":"closed","ping_status":"closed","sticky":false,"template":"","format":"standard","meta":{"_joinchat":[],"footnotes":""},"categories":[60],"tags":[],"class_list":{"0":"post-40559","1":"post","2":"type-post","3":"status-publish","4":"format-standard","5":"has-post-thumbnail","7":"category-provinciales"},"_links":{"self":[{"href":"https:\/\/infovera.com.ar\/web\/wp-json\/wp\/v2\/posts\/40559","targetHints":{"allow":["GET"]}}],"collection":[{"href":"https:\/\/infovera.com.ar\/web\/wp-json\/wp\/v2\/posts"}],"about":[{"href":"https:\/\/infovera.com.ar\/web\/wp-json\/wp\/v2\/types\/post"}],"author":[{"embeddable":true,"href":"https:\/\/infovera.com.ar\/web\/wp-json\/wp\/v2\/users\/3"}],"replies":[{"embeddable":true,"href":"https:\/\/infovera.com.ar\/web\/wp-json\/wp\/v2\/comments?post=40559"}],"version-history":[{"count":0,"href":"https:\/\/infovera.com.ar\/web\/wp-json\/wp\/v2\/posts\/40559\/revisions"}],"wp:featuredmedia":[{"embeddable":true,"href":"https:\/\/infovera.com.ar\/web\/wp-json\/wp\/v2\/media\/40560"}],"wp:attachment":[{"href":"https:\/\/infovera.com.ar\/web\/wp-json\/wp\/v2\/media?parent=40559"}],"wp:term":[{"taxonomy":"category","embeddable":true,"href":"https:\/\/infovera.com.ar\/web\/wp-json\/wp\/v2\/categories?post=40559"},{"taxonomy":"post_tag","embeddable":true,"href":"https:\/\/infovera.com.ar\/web\/wp-json\/wp\/v2\/tags?post=40559"}],"curies":[{"name":"wp","href":"https:\/\/api.w.org\/{rel}","templated":true}]}}