{"id":40553,"date":"2022-10-03T10:27:21","date_gmt":"2022-10-03T13:27:21","guid":{"rendered":"https:\/\/infovera.com.ar\/web\/?p=40553"},"modified":"2022-10-04T13:15:39","modified_gmt":"2022-10-04T16:15:39","slug":"fallecio-la-joven-madre-que-ayer-fue-atropellada-junto-a-su-bebe-de-5-meses","status":"publish","type":"post","link":"https:\/\/infovera.com.ar\/web\/2022\/10\/03\/fallecio-la-joven-madre-que-ayer-fue-atropellada-junto-a-su-bebe-de-5-meses\/","title":{"rendered":"Falleci\u00f3 la joven madre que ayer fue atropellada junto a su beb\u00e9 de 5 meses por un conductor alcoholizado"},"content":{"rendered":"<p><strong>Estaba en terapia intensiva del Hospital de Reconquista. El conductor del auto qued\u00f3 detenido.<\/strong><\/p>\n<p>La joven de 22 a\u00f1os que en la tarde del domingo fue atropellada por un auto fuera de control, que antes hab\u00eda chocado a dos veh\u00edculos estacionados en la v\u00eda p\u00fablica, falleci\u00f3 en la madrugada como consecuencia de las heridas recibidas. Fiscal\u00eda dispuso que se recaben historias cl\u00ednicas y que los restos de Natacha Rosa Uliana sean entregados a sus familiares para su inhumaci\u00f3n.<\/p>\n<p>El accidente que cobr\u00f3 la vida de esta mujer de corta edad tuvo lugar a las 16:50 del domingo uy alter\u00f3 la calma habitual de la ciudad de Florencia, las m\u00e1s norte\u00f1a de las urbes de la provincia.<\/p>\n<p>A esa hora, Juan S., con domicilio en Resistencia (Chaco) circulaba con su Susuki Fun por calle Corrientes y al llegar a la intersecci\u00f3n con 25 de Mayo choc\u00f3 dos autos estacionados, un Renault 12 y un Fiat Uno, adem\u00e1s de impactar a dos personas que estaban en el lugar. Se trat\u00f3 de Natacha Rosa Uliana, de 22 a\u00f1os, y su beb\u00e9 de tan solo de 5 meses, que debieron ser derivados de urgencia al Samco de Villa Ocampo.<\/p>\n<p>Fuentes policiales dijeron que por el hecho el conductor involucrado qued\u00f3 demorado en calidad de aprehendido a los fines llevar a cabo las medidas dispuestas por el fiscal de turno, situaci\u00f3n procesal que se manten\u00eda en la ma\u00f1ana de este lunes.<\/p>\n<p>Con respecto a Rosa Uliana, la v\u00edctima fatal del siniestro vial, tras los primeros cuidados m\u00e9dicos en Villa Ocampo hab\u00eda sido derivada a la sala de terapia intensiva del Hospital Regional de la ciudad de Reconquista ante la gravedad de su cuadro.<\/p>\n<p>El menor de 5 meses contin\u00faa internado en el Samco de la ciudad de Villa Ocampo en estado estable, continuando en sala de observaci\u00f3n a la espera de su evoluci\u00f3n. Anoche, desde el nosocomio se emiti\u00f3 un comunicado solicitando la presencia de &#8220;alguna mam\u00e1 que est\u00e9 dando de amamantar y est\u00e9 dispuesta alimentar un beb\u00e9 de 5 meses que est\u00e1 solito porque su mam\u00e1 tuvo un accidente y fue derivada a Reconqusta. Este beb\u00e9 no toma mamadera, por eso lo pedimos de coraz\u00f3n&#8221;.<\/p>\n","protected":false},"excerpt":{"rendered":"<p>Estaba en terapia intensiva del Hospital de Reconquista. El conductor del auto qued\u00f3 detenido. La joven de 22 a\u00f1os que en la tarde del domingo fue atropellada por un auto fuera de control, que antes hab\u00eda chocado a dos veh\u00edculos estacionados en la v\u00eda p\u00fablica, falleci\u00f3 en la madrugada como consecuencia de las heridas recibidas. [&hellip;]<\/p>\n","protected":false},"author":3,"featured_media":40554,"comment_status":"closed","ping_status":"closed","sticky":false,"template":"","format":"standard","meta":{"_joinchat":[],"footnotes":""},"categories":[30,55],"tags":[],"class_list":{"0":"post-40553","1":"post","2":"type-post","3":"status-publish","4":"format-standard","5":"has-post-thumbnail","7":"category-policiales","8":"category-reconquista"},"_links":{"self":[{"href":"https:\/\/infovera.com.ar\/web\/wp-json\/wp\/v2\/posts\/40553","targetHints":{"allow":["GET"]}}],"collection":[{"href":"https:\/\/infovera.com.ar\/web\/wp-json\/wp\/v2\/posts"}],"about":[{"href":"https:\/\/infovera.com.ar\/web\/wp-json\/wp\/v2\/types\/post"}],"author":[{"embeddable":true,"href":"https:\/\/infovera.com.ar\/web\/wp-json\/wp\/v2\/users\/3"}],"replies":[{"embeddable":true,"href":"https:\/\/infovera.com.ar\/web\/wp-json\/wp\/v2\/comments?post=40553"}],"version-history":[{"count":0,"href":"https:\/\/infovera.com.ar\/web\/wp-json\/wp\/v2\/posts\/40553\/revisions"}],"wp:featuredmedia":[{"embeddable":true,"href":"https:\/\/infovera.com.ar\/web\/wp-json\/wp\/v2\/media\/40554"}],"wp:attachment":[{"href":"https:\/\/infovera.com.ar\/web\/wp-json\/wp\/v2\/media?parent=40553"}],"wp:term":[{"taxonomy":"category","embeddable":true,"href":"https:\/\/infovera.com.ar\/web\/wp-json\/wp\/v2\/categories?post=40553"},{"taxonomy":"post_tag","embeddable":true,"href":"https:\/\/infovera.com.ar\/web\/wp-json\/wp\/v2\/tags?post=40553"}],"curies":[{"name":"wp","href":"https:\/\/api.w.org\/{rel}","templated":true}]}}