{"id":40460,"date":"2022-09-29T12:15:05","date_gmt":"2022-09-29T15:15:05","guid":{"rendered":"https:\/\/infovera.com.ar\/web\/?p=40460"},"modified":"2022-10-01T10:38:39","modified_gmt":"2022-10-01T13:38:39","slug":"se-viene-la-11-feria-de-las-carreras-en-vera","status":"publish","type":"post","link":"https:\/\/infovera.com.ar\/web\/2022\/09\/29\/se-viene-la-11-feria-de-las-carreras-en-vera\/","title":{"rendered":"Se viene la 11\u00b0 Feria de las Carreras en Vera"},"content":{"rendered":"<p>El Centro Ciudadano de Vera tiene todo listo para que este viernes 30 de septiembre se lleve adelante la edici\u00f3n N\u00b0 11 de la Feria de las Carreras, a partir de las 9 hs. en el Club de los Abuelos.<\/p>\n<p>Este a\u00f1o fueron confirmadas 11 casas de estudio de la regi\u00f3n, c\u00f3mo UCES, UTN, CU-RA, ACP, UCSF, UNIVERSIDAD SIGLO XXI, UNL, ISPI 4007, ISPI 4019, Colegio Superior N\u00b0 42, Escuela Superior de Enfermer\u00eda.<\/p>\n<p>El evento se desarrollar\u00e1 durante todo el d\u00eda y se espera que desfilen las instituciones secundarias de la ciudad.<\/p>\n<p>&nbsp;<\/p>\n<p>&nbsp;<\/p>\n","protected":false},"excerpt":{"rendered":"<p>El Centro Ciudadano de Vera tiene todo listo para que este viernes 30 de septiembre se lleve adelante la edici\u00f3n N\u00b0 11 de la Feria de las Carreras, a partir de las 9 hs. en el Club de los Abuelos. Este a\u00f1o fueron confirmadas 11 casas de estudio de la regi\u00f3n, c\u00f3mo UCES, UTN, CU-RA, [&hellip;]<\/p>\n","protected":false},"author":3,"featured_media":40461,"comment_status":"closed","ping_status":"closed","sticky":false,"template":"","format":"standard","meta":{"_joinchat":[],"footnotes":""},"categories":[53],"tags":[],"class_list":{"0":"post-40460","1":"post","2":"type-post","3":"status-publish","4":"format-standard","5":"has-post-thumbnail","7":"category-vera"},"_links":{"self":[{"href":"https:\/\/infovera.com.ar\/web\/wp-json\/wp\/v2\/posts\/40460","targetHints":{"allow":["GET"]}}],"collection":[{"href":"https:\/\/infovera.com.ar\/web\/wp-json\/wp\/v2\/posts"}],"about":[{"href":"https:\/\/infovera.com.ar\/web\/wp-json\/wp\/v2\/types\/post"}],"author":[{"embeddable":true,"href":"https:\/\/infovera.com.ar\/web\/wp-json\/wp\/v2\/users\/3"}],"replies":[{"embeddable":true,"href":"https:\/\/infovera.com.ar\/web\/wp-json\/wp\/v2\/comments?post=40460"}],"version-history":[{"count":0,"href":"https:\/\/infovera.com.ar\/web\/wp-json\/wp\/v2\/posts\/40460\/revisions"}],"wp:featuredmedia":[{"embeddable":true,"href":"https:\/\/infovera.com.ar\/web\/wp-json\/wp\/v2\/media\/40461"}],"wp:attachment":[{"href":"https:\/\/infovera.com.ar\/web\/wp-json\/wp\/v2\/media?parent=40460"}],"wp:term":[{"taxonomy":"category","embeddable":true,"href":"https:\/\/infovera.com.ar\/web\/wp-json\/wp\/v2\/categories?post=40460"},{"taxonomy":"post_tag","embeddable":true,"href":"https:\/\/infovera.com.ar\/web\/wp-json\/wp\/v2\/tags?post=40460"}],"curies":[{"name":"wp","href":"https:\/\/api.w.org\/{rel}","templated":true}]}}