{"id":40427,"date":"2022-09-28T10:25:52","date_gmt":"2022-09-28T13:25:52","guid":{"rendered":"https:\/\/infovera.com.ar\/web\/?p=40427"},"modified":"2022-09-28T10:25:52","modified_gmt":"2022-09-28T13:25:52","slug":"la-provincia-sumara-un-novedoso-espacio-turistico-en-el-corazon-del-jaaukanigas","status":"publish","type":"post","link":"https:\/\/infovera.com.ar\/web\/2022\/09\/28\/la-provincia-sumara-un-novedoso-espacio-turistico-en-el-corazon-del-jaaukanigas\/","title":{"rendered":"La provincia sumar\u00e1 un novedoso espacio tur\u00edstico en el coraz\u00f3n del Jaaukanig\u00e1s"},"content":{"rendered":"<p>El Ministerio de Infraestructura, Servicios P\u00fablicos y H\u00e1bitat lleva adelante la construcci\u00f3n del complejo &#8220;Gente del Agua&#8221;, una obra innovadora que se ejecuta frente al Puerto de Reconquista, en la isla La Fuente, que podr\u00e1 albergar a m\u00e1s de 100 personas en el sal\u00f3n comedor y contar\u00e1 con un \u00e1rea semicubierta; un lugar de esparcimiento con senderos y miradores; y espacio de campismo.<\/p>\n<p>&nbsp;<\/p>\n<p>Al respecto, la ministra de Infraestructura, Servicios P\u00fablicos y H\u00e1bitat, Silvina Frana indic\u00f3 que &#8220;esta obra so\u00f1ada durante mucho tiempo se est\u00e1 haciendo realidad y representa un hito para Reconquista. Uno de los faros de la gesti\u00f3n del gobernador Omar Perotti es promover la actividad tur\u00edstica en la provincia, generando empleo y dinamizando la econom\u00eda, en un trabajo coordinado con Naci\u00f3n y con cada uno de los municipios y comunas\u201d, se\u00f1al\u00f3.<\/p>\n<p>&nbsp;<\/p>\n<p>\u201cEstamos en un 70% de ejecuci\u00f3n de este proyecto ambicioso que elabor\u00f3 la municipalidad de Reconquista para desarrollar el turismo en la isla \u201cLa Fuente\u201d, acercando el r\u00edo y exhibiendo parte del coraz\u00f3n del Jaaukanig\u00e1s, uno de los lugares m\u00e1s ricos en biodiversidad del pa\u00eds, para el disfrute de todos los santafesinos\u201d, concluy\u00f3 Frana.<\/p>\n<p>&nbsp;<\/p>\n<p>Por su parte, la secretaria de Arquitectura y Obras P\u00fablicas, Leticia Battaglia explic\u00f3 que \u201cel proyecto forma parte de un plan de la Secretaria de Turismo, que busca llevar infraestructura y explotar el potencial de todas las localidades, preservando el ambiente; generando arraigo; y cuidando la biodiversidad\u201d.<\/p>\n<p>&nbsp;<\/p>\n<p>RECREACI\u00d3N Y BIODIVERSIDAD EN UN SOLO LUGAR<\/p>\n<p>&nbsp;<\/p>\n<p>El \u201cComplejo Gente del Agua\u201d podr\u00e1 reunir a m\u00e1s de 100 personas en el sal\u00f3n comedor y contar\u00e1 con un \u00e1rea semicubierta; un lugar de esparcimiento con senderos y miradores; y espacio de campismo. A su vez, tendr\u00e1 n\u00facleos sanitarios adaptados para personas con discapacidades, uno en \u00e1rea cubierta y otro en el \u00e1rea agreste, as\u00ed como todos los lugares de uso com\u00fan.<\/p>\n<p>&nbsp;<\/p>\n<p>Adem\u00e1s, se prev\u00e9 un \u00e1rea para campamentos e instalaciones que contar\u00e1n con espacios para realizar senderismo y avistaje de aves, entre las que se pueden mencionar pasarelas, miradores y \u00e1reas de descanso para que el visitante pueda disfrutar del lugar.<\/p>\n<p>&nbsp;<\/p>\n<p>El gobernador Omar Perotti, al referirse al proyecto que se construye en Reconquista, expres\u00f3 que \u201ces una verdadera oportunidad de poder mostrarnos hacia todos los argentinos como un destino con capacidad de recepci\u00f3n. Seguimos trabajando en la instalaci\u00f3n de este concepto de que Santa Fe tiene con qu\u00e9 irrumpir, y fuerte, en el turismo\u201d.<\/p>\n<p>&nbsp;<\/p>\n<p>En el mismo sentido, el secretario de Turismo, Alejandro Grandinetti destac\u00f3 que \u201ces una obra fundamental para generar infraestructura para la ampliaci\u00f3n de capital tur\u00edstico de una zona muy importante, que nos permite tener un atractivo en una de las ciudades m\u00e1s grandes del norte de la provincia. Este espacio busca tener un impacto positivo para muchos habitantes del lugar y turistas que aprovechan el corredor de las rutas 1 y 11, sobre el r\u00edo Paran\u00e1\u201d.<\/p>\n<p>&nbsp;<\/p>\n<p>Asimismo, el funcionario a\u00f1adi\u00f3 que \u201ctambi\u00e9n tiene como objetivo incentivar lo que va a ser un futuro Parque Nacional Jaaukanig\u00e1s, que ya tiene la primera acci\u00f3n a trav\u00e9s del proyecto para declararlo \u2018reserva natural provincial\u2019, con la posibilidad de que, luego, se convierta en un parque nacional\u201d.<\/p>\n<p>&nbsp;<\/p>\n<p>PLAN \u201c50 DESTINOS\u201d<\/p>\n<p>&nbsp;<\/p>\n<p>Es una iniciativa del gobierno nacional destinada a financiar obras de infraestructura tur\u00edstica en todo el pa\u00eds, con los objetivos de dinamizar la actividad; fortalecer y ampliar la oferta tur\u00edstica; consolidar los destinos; y fomentar la competitividad sectorial.<\/p>\n<p>&nbsp;<\/p>\n<p>RAMSAR JAAUKANIG\u00c1S<\/p>\n<p>&nbsp;<\/p>\n<p>La convenci\u00f3n sobre humedales conocida como \u00abRamsar\u00bb es un tratado intergubernamental que tiene como misi\u00f3n la conservaci\u00f3n y el uso racional de todos los humedales mediante acciones locales, regionales y nacionales, para lograr un desarrollo sostenible en todo el mundo.<\/p>\n<p>&nbsp;<\/p>\n<p>El sitio Ramsar Jaaukanig\u00e1s, se ubica en el norte santafesino, en la ciudad de Reconquista. Fue declarado como Sitio Ramsar el 10 de octubre de 2001 y es considerado uno de los atractivos naturales m\u00e1s importantes de la provincia, en un \u00e1rea 492.000 hect\u00e1reas.<\/p>\n<p>&nbsp;<\/p>\n<p>Abarca un sector de la planicie de inundaci\u00f3n del r\u00edo Paran\u00e1 medio. Incluye entre otros un extenso complejo de r\u00edos, lagunas, madrejones, pastizales inundados estacionalmente, bosques ribere\u00f1os e islas.<\/p>\n<p>&nbsp;<\/p>\n<p>El nombre Jaaukanig\u00e1s que significa \u201cGente del agua\u201d, proviene del vocablo de los nativos de estas tierras, los Abipones, que fueron los primeros en habitar este sitio y sus costumbres todav\u00eda siguen intactas en la zona de las islas del r\u00edo Paran\u00e1.<\/p>\n<p><a href=\"https:\/\/infovera.com.ar\/web\/wp-content\/uploads\/2022\/09\/2022-09-28NID_276053O_2.jpeg\"><img loading=\"lazy\" decoding=\"async\" class=\"alignleft size-full wp-image-40428\" src=\"https:\/\/infovera.com.ar\/web\/wp-content\/uploads\/2022\/09\/2022-09-28NID_276053O_2.jpeg\" alt=\"\" width=\"1280\" height=\"720\" srcset=\"https:\/\/infovera.com.ar\/web\/wp-content\/uploads\/2022\/09\/2022-09-28NID_276053O_2.jpeg 1280w, https:\/\/infovera.com.ar\/web\/wp-content\/uploads\/2022\/09\/2022-09-28NID_276053O_2-696x392.jpeg 696w, https:\/\/infovera.com.ar\/web\/wp-content\/uploads\/2022\/09\/2022-09-28NID_276053O_2-1068x601.jpeg 1068w, https:\/\/infovera.com.ar\/web\/wp-content\/uploads\/2022\/09\/2022-09-28NID_276053O_2-747x420.jpeg 747w\" sizes=\"auto, (max-width: 1280px) 100vw, 1280px\" \/><\/a><\/p>\n","protected":false},"excerpt":{"rendered":"<p>El Ministerio de Infraestructura, Servicios P\u00fablicos y H\u00e1bitat lleva adelante la construcci\u00f3n del complejo &#8220;Gente del Agua&#8221;, una obra innovadora que se ejecuta frente al Puerto de Reconquista, en la isla La Fuente, que podr\u00e1 albergar a m\u00e1s de 100 personas en el sal\u00f3n comedor y contar\u00e1 con un \u00e1rea semicubierta; un lugar de esparcimiento [&hellip;]<\/p>\n","protected":false},"author":3,"featured_media":40429,"comment_status":"closed","ping_status":"closed","sticky":false,"template":"","format":"standard","meta":{"_joinchat":[],"footnotes":""},"categories":[55],"tags":[],"class_list":{"0":"post-40427","1":"post","2":"type-post","3":"status-publish","4":"format-standard","5":"has-post-thumbnail","7":"category-reconquista"},"_links":{"self":[{"href":"https:\/\/infovera.com.ar\/web\/wp-json\/wp\/v2\/posts\/40427","targetHints":{"allow":["GET"]}}],"collection":[{"href":"https:\/\/infovera.com.ar\/web\/wp-json\/wp\/v2\/posts"}],"about":[{"href":"https:\/\/infovera.com.ar\/web\/wp-json\/wp\/v2\/types\/post"}],"author":[{"embeddable":true,"href":"https:\/\/infovera.com.ar\/web\/wp-json\/wp\/v2\/users\/3"}],"replies":[{"embeddable":true,"href":"https:\/\/infovera.com.ar\/web\/wp-json\/wp\/v2\/comments?post=40427"}],"version-history":[{"count":0,"href":"https:\/\/infovera.com.ar\/web\/wp-json\/wp\/v2\/posts\/40427\/revisions"}],"wp:featuredmedia":[{"embeddable":true,"href":"https:\/\/infovera.com.ar\/web\/wp-json\/wp\/v2\/media\/40429"}],"wp:attachment":[{"href":"https:\/\/infovera.com.ar\/web\/wp-json\/wp\/v2\/media?parent=40427"}],"wp:term":[{"taxonomy":"category","embeddable":true,"href":"https:\/\/infovera.com.ar\/web\/wp-json\/wp\/v2\/categories?post=40427"},{"taxonomy":"post_tag","embeddable":true,"href":"https:\/\/infovera.com.ar\/web\/wp-json\/wp\/v2\/tags?post=40427"}],"curies":[{"name":"wp","href":"https:\/\/api.w.org\/{rel}","templated":true}]}}