{"id":40407,"date":"2022-09-27T09:04:47","date_gmt":"2022-09-27T12:04:47","guid":{"rendered":"https:\/\/infovera.com.ar\/web\/?p=40407"},"modified":"2022-09-28T13:59:06","modified_gmt":"2022-09-28T16:59:06","slug":"un-conductor-de-villa-carlos-paz-choco-con-un-vacuno-suelto-cerca-de-el-bonete","status":"publish","type":"post","link":"https:\/\/infovera.com.ar\/web\/2022\/09\/27\/un-conductor-de-villa-carlos-paz-choco-con-un-vacuno-suelto-cerca-de-el-bonete\/","title":{"rendered":"Un conductor de Villa Carlos Paz choc\u00f3 un vacuno suelto cerca de El Bonete"},"content":{"rendered":"<p><strong>Anoche, a las 20:30, un conductor a bordo de un Nissan Kicks Advance MT choc\u00f3 con una animal vacuno suelto en la Ruta 98.<\/strong><\/p>\n<p>En el kil\u00f3metro 46 de la v\u00eda une a Vera con Tostado y por causas que se tratan de establecer el veh\u00edculo de color negro, conducido por un hombre 76 a\u00f1os domiciliado en Villa Carlos Paz, que se dirig\u00eda hacia el este, dio contra un vacuno.<\/p>\n<p>El villapacense manifest\u00f3 enontrarse ileso y solo inform\u00f3 da\u00f1os materiales en el veh\u00edculo.<\/p>\n<p>Identificado el propietario del animal vacuno, se realizaron diligencias estipuladas en el Art. 163 C.P.P. En cuanto al rodado. una vez finalizada las actuaciones fue tareas fue entregado a su propietario.<\/p>\n","protected":false},"excerpt":{"rendered":"<p>Anoche, a las 20:30, un conductor a bordo de un Nissan Kicks Advance MT choc\u00f3 con una animal vacuno suelto en la Ruta 98. En el kil\u00f3metro 46 de la v\u00eda une a Vera con Tostado y por causas que se tratan de establecer el veh\u00edculo de color negro, conducido por un hombre 76 a\u00f1os [&hellip;]<\/p>\n","protected":false},"author":3,"featured_media":40409,"comment_status":"closed","ping_status":"closed","sticky":false,"template":"","format":"standard","meta":{"_joinchat":[],"footnotes":""},"categories":[30,53],"tags":[],"class_list":{"0":"post-40407","1":"post","2":"type-post","3":"status-publish","4":"format-standard","5":"has-post-thumbnail","7":"category-policiales","8":"category-vera"},"_links":{"self":[{"href":"https:\/\/infovera.com.ar\/web\/wp-json\/wp\/v2\/posts\/40407","targetHints":{"allow":["GET"]}}],"collection":[{"href":"https:\/\/infovera.com.ar\/web\/wp-json\/wp\/v2\/posts"}],"about":[{"href":"https:\/\/infovera.com.ar\/web\/wp-json\/wp\/v2\/types\/post"}],"author":[{"embeddable":true,"href":"https:\/\/infovera.com.ar\/web\/wp-json\/wp\/v2\/users\/3"}],"replies":[{"embeddable":true,"href":"https:\/\/infovera.com.ar\/web\/wp-json\/wp\/v2\/comments?post=40407"}],"version-history":[{"count":0,"href":"https:\/\/infovera.com.ar\/web\/wp-json\/wp\/v2\/posts\/40407\/revisions"}],"wp:featuredmedia":[{"embeddable":true,"href":"https:\/\/infovera.com.ar\/web\/wp-json\/wp\/v2\/media\/40409"}],"wp:attachment":[{"href":"https:\/\/infovera.com.ar\/web\/wp-json\/wp\/v2\/media?parent=40407"}],"wp:term":[{"taxonomy":"category","embeddable":true,"href":"https:\/\/infovera.com.ar\/web\/wp-json\/wp\/v2\/categories?post=40407"},{"taxonomy":"post_tag","embeddable":true,"href":"https:\/\/infovera.com.ar\/web\/wp-json\/wp\/v2\/tags?post=40407"}],"curies":[{"name":"wp","href":"https:\/\/api.w.org\/{rel}","templated":true}]}}