{"id":40398,"date":"2022-09-26T12:27:18","date_gmt":"2022-09-26T15:27:18","guid":{"rendered":"https:\/\/infovera.com.ar\/web\/?p=40398"},"modified":"2022-09-26T12:27:18","modified_gmt":"2022-09-26T15:27:18","slug":"la-sociedad-italiana-de-vera-celebro-su-centenario","status":"publish","type":"post","link":"https:\/\/infovera.com.ar\/web\/2022\/09\/26\/la-sociedad-italiana-de-vera-celebro-su-centenario\/","title":{"rendered":"La Sociedad Italiana de Vera celebr\u00f3 su centenario"},"content":{"rendered":"<p>Naci\u00f3 el 20 de septiembre de 1922, nucleando a inmigrantes e hijos de un pa\u00eds que mucho tuvo que ver con el crecimiento de la Argentina.<\/p>\n<p>&nbsp;<\/p>\n<p>En ese momento, un grupo de inmigrantes decidi\u00f3 organizarse para mantener las tradiciones de su patria, asistirse mutuamente antes la enfermedad y difundir su cultura.<\/p>\n<p>&nbsp;<\/p>\n<p>Desde entonces y hasta la actualidad, la entidad se mantiene vigente convocando a italianos, descendiente y personas de otros or\u00edgenes.<\/p>\n<p>&nbsp;<\/p>\n<p>Hoy, es un espacio de contenci\u00f3n y esparcimiento para j\u00f3venes y adultos, Filial de la escuela Dante Alighieri de San Justo y Secretar\u00eda del Ente Friulano EFASCE.<\/p>\n<p>&nbsp;<\/p>\n<p>Luego de la bendici\u00f3n de la sede por parte del p\u00e1rroco Carlos Alberto Degiusti, directivos de la entidad entregaron un reconocimiento a la Sra. Teresa Moretti, hija de uno de los fundadores.<\/p>\n<p>&nbsp;<\/p>\n<p>Tambi\u00e9n fueron reconocidas dos referentes pertenecientes a la Asociaci\u00f3n Verense de Escritores, Liliana Mar\u00eda Mendoza y Alba Saucedo, por su participaci\u00f3n de manera virtual de un concurso organizado por \u201cL`ISSOLA FELICE ASSOCIAZIONE CULTURALE\u201d, adherida a la uni\u00f3n mundial de poetas por la paz y la libertad con sede en Brescia (ltalia).<\/p>\n<p>&nbsp;<\/p>\n<p>Se entregaron los premios y menciones especiales a los ganadores del concurso de fotograf\u00eda \u201cPostales de mi Ciudad\u201d, momento que estuvo a cargo del Senador Osvaldo Sosa, quien lo hizo acompa\u00f1ado por la intendente Paula Mitre y la Fot\u00f3grafa Profesional Alicia Pradolini, integrante de la Sociedad Italiana; el legislador por Vera, adem\u00e1s, hizo entrega de una placa recordatoria de la celebraci\u00f3n.<\/p>\n<p>&nbsp;<\/p>\n<p>Como presidente de la Instituci\u00f3n, Nidia Malano agradeci\u00f3 \u201ca los socios, autoridades y vecinos presentes por acompa\u00f1arnos en la celebraci\u00f3n del Centenario de la Sociedad Italiana, cuya trayectoria est\u00e1 ligada a la historia de Vera, porque surgi\u00f3 al calor de la iniciativa de los italianos afincados en \u00e9sta, quienes prestaron su apoyo y canalizaron la conducci\u00f3n de la sociedad por senderos positivos con hondo sentido de confraternidad, as\u00ed surge el movimiento Mutualista que le dio la caracter\u00edstica principal a esta SOCIET\u00c0 DI MUTUALIT\u00c0, una herramienta jur\u00eddica de ayuda\u201d.<\/p>\n<p>&nbsp;<\/p>\n<p>Defini\u00f3 a la entidad como \u201cuna prestadora de servicios que tengo el honor de conducir, cuyo objetivo es difundir la lengua y la cultura italiana, promover el esp\u00edritu fraterno, el progreso moral y econ\u00f3mico entre sus asociados y en general todo tipo de actividades para y con la comunidad.<\/p>\n<p>&nbsp;<\/p>\n<p>\u201c100 a\u00f1os no son pocos, es la vida de una instituci\u00f3n que ha tenido \u00e9pocas buenas y otras no tanto, pero estamos seguros que todos los que pasamos pusieron lo mejor de s\u00ed\u201d, concluy\u00f3.<\/p>\n<p>&nbsp;<\/p>\n<p>El evento cont\u00f3 con la participaci\u00f3n de las Bandas de M\u00fasica de la Polic\u00eda de Santa Fe y de la III Brigada A\u00e9rea de Reconquista, como as\u00ed se recibieron las adhesiones de parte del embajador en Italia, Roberto Manuel Carl\u00e9s y del C\u00f3nsul de la ciudad de Rosario, Marco Bocchi.<\/p>\n<p>&nbsp;<\/p>\n<p>Los festejos continuaron con una exposici\u00f3n fotogr\u00e1fica y culminaron con una cena de camarader\u00eda.<\/p>\n<p>&nbsp;<\/p>\n<p><em><strong>Letyana Press\u00a0<\/strong><\/em><\/p>\n","protected":false},"excerpt":{"rendered":"<p>Naci\u00f3 el 20 de septiembre de 1922, nucleando a inmigrantes e hijos de un pa\u00eds que mucho tuvo que ver con el crecimiento de la Argentina. &nbsp; En ese momento, un grupo de inmigrantes decidi\u00f3 organizarse para mantener las tradiciones de su patria, asistirse mutuamente antes la enfermedad y difundir su cultura. &nbsp; Desde entonces [&hellip;]<\/p>\n","protected":false},"author":3,"featured_media":40399,"comment_status":"closed","ping_status":"closed","sticky":false,"template":"","format":"standard","meta":{"_joinchat":[],"footnotes":""},"categories":[53],"tags":[],"class_list":{"0":"post-40398","1":"post","2":"type-post","3":"status-publish","4":"format-standard","5":"has-post-thumbnail","7":"category-vera"},"_links":{"self":[{"href":"https:\/\/infovera.com.ar\/web\/wp-json\/wp\/v2\/posts\/40398","targetHints":{"allow":["GET"]}}],"collection":[{"href":"https:\/\/infovera.com.ar\/web\/wp-json\/wp\/v2\/posts"}],"about":[{"href":"https:\/\/infovera.com.ar\/web\/wp-json\/wp\/v2\/types\/post"}],"author":[{"embeddable":true,"href":"https:\/\/infovera.com.ar\/web\/wp-json\/wp\/v2\/users\/3"}],"replies":[{"embeddable":true,"href":"https:\/\/infovera.com.ar\/web\/wp-json\/wp\/v2\/comments?post=40398"}],"version-history":[{"count":0,"href":"https:\/\/infovera.com.ar\/web\/wp-json\/wp\/v2\/posts\/40398\/revisions"}],"wp:featuredmedia":[{"embeddable":true,"href":"https:\/\/infovera.com.ar\/web\/wp-json\/wp\/v2\/media\/40399"}],"wp:attachment":[{"href":"https:\/\/infovera.com.ar\/web\/wp-json\/wp\/v2\/media?parent=40398"}],"wp:term":[{"taxonomy":"category","embeddable":true,"href":"https:\/\/infovera.com.ar\/web\/wp-json\/wp\/v2\/categories?post=40398"},{"taxonomy":"post_tag","embeddable":true,"href":"https:\/\/infovera.com.ar\/web\/wp-json\/wp\/v2\/tags?post=40398"}],"curies":[{"name":"wp","href":"https:\/\/api.w.org\/{rel}","templated":true}]}}