{"id":40397,"date":"2022-09-26T12:30:59","date_gmt":"2022-09-26T15:30:59","guid":{"rendered":"https:\/\/infovera.com.ar\/web\/?p=40397"},"modified":"2022-09-26T12:30:59","modified_gmt":"2022-09-26T15:30:59","slug":"vera-encuentran-30-vacunos-sueltos-y-un-ciervo-axis-en-la-ruta-36","status":"publish","type":"post","link":"https:\/\/infovera.com.ar\/web\/2022\/09\/26\/vera-encuentran-30-vacunos-sueltos-y-un-ciervo-axis-en-la-ruta-36\/","title":{"rendered":"Vera: encuentran 30 vacunos sueltos y un ciervo axis en la Ruta 36"},"content":{"rendered":"<p><strong>\u201cLos Pumas\u201d de Vera la, labraron Acta por omisi\u00f3n de custodia animal y tambi\u00e9n procedieron al resguardo para su posterior liberaci\u00f3n de un Ciervo Axis.\u00a0<\/strong><\/p>\n<p>Personal de Secci\u00f3n N\u00ba 19 secuestr\u00f3 preventivamente treinta animales vacunos sueltos, a la vera de la ruta, que representaban un peligro inminente para quienes transitaban por el lugar y liberaron a un ciervo a su habitad natural.<\/p>\n<p>Mientras que personal de la Secci\u00f3n N\u00ba 19 se encontraba realizando patrullajes preventivos sobre la Ruta 36 \u201cS\u201d, observ\u00f3 sobre el trayecto de la misma a treinta animales vacunos de diferentes sexos y pelajes, sueltos, carentes de medidas de seguridad, sin la presencia de cuidador alguno.<\/p>\n<p>En consecuencia, los efectivos policiales actuaron de inmediato a fin de resolver la circunstancia, debido a que los animales en cuesti\u00f3n generaban un peligro inminente para los transe\u00fantes.<\/p>\n<p>Seguidamente, gracias a tareas investigativas, lograron dar con la propietaria que fue notificada por omisi\u00f3n de custodia animal). Los animales fueron entregados a la infractora, bajo depositario judicial.<\/p>\n<p>A su vez, numerarios de esa dependencia recibieron el llamado de un hombre que dio cuenta que sobre la Ruta 36 \u201cS\u201d, a unos nueve kil\u00f3metros aproximadamente de la ciudad de Vera, logr\u00f3 avistar un animal silvestre de tipo ciervo.<\/p>\n<p>Inmediatamente, los efectivos se hicieron presentes en el lugar donde lograron observar un ejemplar de la especie ciervo, por lo que con los recaudos necesarios lograron su captura y posterior resguardo, para ser examinado por un m\u00e9dico veterinario.<\/p>\n<p>El profesional certific\u00f3 que se trataba de un animal de la especie Ciervo Axis, de corta edad,en buen estado de salud y de nutrici\u00f3n, y recomend\u00f3 que sea liberado en el transcurso del d\u00eda y que se realice en una zona alejada de cualquier localidad, para que el mismo se pueda reinsertar en su h\u00e1bitat natural.<\/p>\n<p>Inmediatamente se libr\u00f3 comunicaci\u00f3n con la Marcela Tittarelli, personal de la Direcci\u00f3n General de Manejo Sustentable de Fauna, quien puesta en conocimiento, coincidi\u00f3 con la recomendaci\u00f3n del veterinario; con las precauciones necesarias, se traslad\u00f3 al animal hacia la zona rural de la localidad de Esp\u00edn, y fue lierado en el establecimiento denominado \u201cCinco Estrellas\u201d, lugar que rend\u00eda perfectamente las condiciones para que el mismo se pueda desarrollar y ambientar nuevamente en su h\u00e1bitat natural.<\/p>\n<p>Interviene: Direcci\u00f3n General de Manejo Sustentable de Fauna y Ministerio de Medio<br \/>\nAmbiente y Cambio Clim\u00e1tico.<\/p>\n","protected":false},"excerpt":{"rendered":"<p>\u201cLos Pumas\u201d de Vera la, labraron Acta por omisi\u00f3n de custodia animal y tambi\u00e9n procedieron al resguardo para su posterior liberaci\u00f3n de un Ciervo Axis.\u00a0 Personal de Secci\u00f3n N\u00ba 19 secuestr\u00f3 preventivamente treinta animales vacunos sueltos, a la vera de la ruta, que representaban un peligro inminente para quienes transitaban por el lugar y liberaron [&hellip;]<\/p>\n","protected":false},"author":3,"featured_media":40400,"comment_status":"closed","ping_status":"closed","sticky":false,"template":"","format":"standard","meta":{"_joinchat":[],"footnotes":""},"categories":[30,53],"tags":[],"class_list":{"0":"post-40397","1":"post","2":"type-post","3":"status-publish","4":"format-standard","5":"has-post-thumbnail","7":"category-policiales","8":"category-vera"},"_links":{"self":[{"href":"https:\/\/infovera.com.ar\/web\/wp-json\/wp\/v2\/posts\/40397","targetHints":{"allow":["GET"]}}],"collection":[{"href":"https:\/\/infovera.com.ar\/web\/wp-json\/wp\/v2\/posts"}],"about":[{"href":"https:\/\/infovera.com.ar\/web\/wp-json\/wp\/v2\/types\/post"}],"author":[{"embeddable":true,"href":"https:\/\/infovera.com.ar\/web\/wp-json\/wp\/v2\/users\/3"}],"replies":[{"embeddable":true,"href":"https:\/\/infovera.com.ar\/web\/wp-json\/wp\/v2\/comments?post=40397"}],"version-history":[{"count":0,"href":"https:\/\/infovera.com.ar\/web\/wp-json\/wp\/v2\/posts\/40397\/revisions"}],"wp:featuredmedia":[{"embeddable":true,"href":"https:\/\/infovera.com.ar\/web\/wp-json\/wp\/v2\/media\/40400"}],"wp:attachment":[{"href":"https:\/\/infovera.com.ar\/web\/wp-json\/wp\/v2\/media?parent=40397"}],"wp:term":[{"taxonomy":"category","embeddable":true,"href":"https:\/\/infovera.com.ar\/web\/wp-json\/wp\/v2\/categories?post=40397"},{"taxonomy":"post_tag","embeddable":true,"href":"https:\/\/infovera.com.ar\/web\/wp-json\/wp\/v2\/tags?post=40397"}],"curies":[{"name":"wp","href":"https:\/\/api.w.org\/{rel}","templated":true}]}}