{"id":40363,"date":"2022-09-24T20:17:11","date_gmt":"2022-09-24T23:17:11","guid":{"rendered":"https:\/\/infovera.com.ar\/web\/?p=40363"},"modified":"2022-09-27T09:27:01","modified_gmt":"2022-09-27T12:27:01","slug":"pablo-javkin-alento-el-armado-de-un-gran-frente-electoral-en-su-recorrida-por-el-norte","status":"publish","type":"post","link":"https:\/\/infovera.com.ar\/web\/2022\/09\/24\/pablo-javkin-alento-el-armado-de-un-gran-frente-electoral-en-su-recorrida-por-el-norte\/","title":{"rendered":"Pablo Javkin alent\u00f3 el armado de un gran frente electoral en su recorrida por el norte"},"content":{"rendered":"<p><strong>El intendente de Rosario Pablo Javkin recorri\u00f3 ciudades del departamento General Obligado. Visit\u00f3 a colegas intendentes y presidentes de comuna. Comparti\u00f3 una cena con referentes de varias localidades norte\u00f1as.<\/strong><\/p>\n<p>El jueves 22, en Villa Ocampo, lo recibieron dirigentes de casi todas las localidades del norte departamental, encabezados por los intendentes de Villa Ocampo y Las Toscas, y los presidentes comunales de Tacuarend\u00ed, San Antonio, Campo Hardy, Arroyo Ceibal y El Rab\u00f3n, adem\u00e1s los concejales de Reconquista, y otras ciudades, y autoridades del radicalismo.<\/p>\n<p>El viernes 23 brind\u00f3 una conferencia de prensa en Reconquista acompa\u00f1ado por los concejales Natalia Capparelli y Hugo Firman; la intendente de Vera, Paula Mitre y el exintendente de Reconquista, Jacinto Speranza.<\/p>\n<p>El mismo d\u00eda visit\u00f3 la Municipalidad de Villa Ocampo y fue recibido por el intendente Enrique Padu\u00e1n, y m\u00e1s tarde en la Municipalidad de Las Toscas se reuni\u00f3 con el mandatario local Leandro Chamorro, y los titulares comunales de Tacuarend\u00ed, Lorena Cardozo, y de San Antonio, Jorge Ale. En ambos municipio tom\u00f3 contacto con medios locales y con referentes institucionales.<\/p>\n<p>En declaraciones a la prensa, Javkin abord\u00f3 varios temas entre los que se destacaron los humedales y el humo en Rosario por el fuego en las islas de Entre R\u00edos, la inseguridad en la ciudad que gobierna y en todo el pa\u00eds, y la necesidad de construir un frente con todas las fuerzas opositoras santafesinas para la elecci\u00f3n provincial.<\/p>\n<p>Sostuvo que le gustar\u00eda ser candidato a gobernador en ese frente santafesino.<\/p>\n","protected":false},"excerpt":{"rendered":"<p>El intendente de Rosario Pablo Javkin recorri\u00f3 ciudades del departamento General Obligado. Visit\u00f3 a colegas intendentes y presidentes de comuna. Comparti\u00f3 una cena con referentes de varias localidades norte\u00f1as. El jueves 22, en Villa Ocampo, lo recibieron dirigentes de casi todas las localidades del norte departamental, encabezados por los intendentes de Villa Ocampo y Las [&hellip;]<\/p>\n","protected":false},"author":3,"featured_media":40364,"comment_status":"closed","ping_status":"closed","sticky":false,"template":"","format":"standard","meta":{"_joinchat":[],"footnotes":""},"categories":[55],"tags":[],"class_list":{"0":"post-40363","1":"post","2":"type-post","3":"status-publish","4":"format-standard","5":"has-post-thumbnail","7":"category-reconquista"},"_links":{"self":[{"href":"https:\/\/infovera.com.ar\/web\/wp-json\/wp\/v2\/posts\/40363","targetHints":{"allow":["GET"]}}],"collection":[{"href":"https:\/\/infovera.com.ar\/web\/wp-json\/wp\/v2\/posts"}],"about":[{"href":"https:\/\/infovera.com.ar\/web\/wp-json\/wp\/v2\/types\/post"}],"author":[{"embeddable":true,"href":"https:\/\/infovera.com.ar\/web\/wp-json\/wp\/v2\/users\/3"}],"replies":[{"embeddable":true,"href":"https:\/\/infovera.com.ar\/web\/wp-json\/wp\/v2\/comments?post=40363"}],"version-history":[{"count":0,"href":"https:\/\/infovera.com.ar\/web\/wp-json\/wp\/v2\/posts\/40363\/revisions"}],"wp:featuredmedia":[{"embeddable":true,"href":"https:\/\/infovera.com.ar\/web\/wp-json\/wp\/v2\/media\/40364"}],"wp:attachment":[{"href":"https:\/\/infovera.com.ar\/web\/wp-json\/wp\/v2\/media?parent=40363"}],"wp:term":[{"taxonomy":"category","embeddable":true,"href":"https:\/\/infovera.com.ar\/web\/wp-json\/wp\/v2\/categories?post=40363"},{"taxonomy":"post_tag","embeddable":true,"href":"https:\/\/infovera.com.ar\/web\/wp-json\/wp\/v2\/tags?post=40363"}],"curies":[{"name":"wp","href":"https:\/\/api.w.org\/{rel}","templated":true}]}}