{"id":40347,"date":"2022-09-23T20:15:13","date_gmt":"2022-09-23T23:15:13","guid":{"rendered":"https:\/\/infovera.com.ar\/web\/?p=40347"},"modified":"2022-09-26T12:42:52","modified_gmt":"2022-09-26T15:42:52","slug":"se-lanzo-el-1-congreso-de-escuelas-rurales-de-la-cuna-boscosa","status":"publish","type":"post","link":"https:\/\/infovera.com.ar\/web\/2022\/09\/23\/se-lanzo-el-1-congreso-de-escuelas-rurales-de-la-cuna-boscosa\/","title":{"rendered":"Se lanz\u00f3 el 1\u00b0 Congreso de escuelas rurales de la Cu\u00f1a Boscosa"},"content":{"rendered":"<p>\u201cConstruir ciudadan\u00eda y arraigo, poniendo en valor nuestro bosque nativo\u201d es el lema de este evento programado para mi\u00e9rcoles 19 de octubre en la Escuela N\u00b0 6263 Elina Jagou de Carlen en el Km 302, paraje El Toba, departamento Vera.<\/p>\n<p>Este es el resultado de m\u00e1s de 10 a\u00f1os de trabajo articulado entre la Regi\u00f3n II de Educaci\u00f3n, la Escuela de la Familia Agr\u00edcola de Intiyaco, la Red de Docentes de la Cu\u00f1a Boscosa Santafesina e INTA a trav\u00e9s del programa PROHUERTA.<\/p>\n<p>El Congreso ser\u00e1 escenario para tratar temas urgentes, como la conservaci\u00f3n del Bosque Nativo, la relaci\u00f3n de los habitantes de la regi\u00f3n con los recursos naturales, su uso y aprovechamiento. Adem\u00e1s de propuestas para ense\u00f1ar y aprender estos contenidos en \u00e1mbitos rurales.<\/p>\n<p>Referentes institucionales presentaron &#8211; en rueda de prensa- la propuesta. El profesor Humberto Tofanelli, director de la EFA N\u00b08249, de Intiyaco rememor\u00f3 el inicio de esta articulaci\u00f3n \u201cfue a trav\u00e9s del programa ProHuerta que empezamos a identificar necesidades de capacitaci\u00f3n en soberan\u00eda alimentaria, nutrici\u00f3n, la producci\u00f3n, el arraigo, desde las escuelas de la Cu\u00f1a Boscosa. Fuimos desarrollando actividades que cada a\u00f1o nos represent\u00f3 un nuevo desaf\u00edo. Este a\u00f1o nos convocan 2 importantes temas: el medioambiente y el arraigo de nuestros chicos\u201d.<\/p>\n<p>Marcelo Paytas, director de la Estaci\u00f3n Experimental Agropecuaria Reconquista de INTA coment\u00f3 que se acompa\u00f1a el proceso desde el programa PROHUERTA y desde las agencias de extensi\u00f3n con diferentes acciones. \u201cEs una alegr\u00eda ser parte de este evento y es importante tener siempre en cuenta la importancia de las escuelas rurales. Acompa\u00f1ar, propiciar estos espacios, pensar junto los actores del territorio\u201d, destac\u00f3.<\/p>\n<p>Delia Mercado es directora de la Escuela N\u00b06263, que ser\u00e1 la sede del 1er Congreso hizo referencia a la historia de trabajo entre INTA y la escuela. \u201cDesde hace mucho tiempo trabajamos en capacitaciones en temas relacionados con la alimentaci\u00f3n y la manipulaci\u00f3n de alimentos. Haber sido elegidos como sede de este primer congreso nos da mucho orgullo\u201d, finaliz\u00f3.<\/p>\n<p>Para el cierre Roberto Lorenzini, delegado de la Regi\u00f3n II de Educaci\u00f3n, del Ministerio de Educaci\u00f3n de la provincia de Santa Fe mencion\u00f3 la importancia del trabajo de las instituciones para desarrollar estos encuentros de escuelas rurales. Detall\u00f3 la propuesta que est\u00e1 abierta para escuelas primarias y secundarias y quienes ser\u00e1n los disertantes invitados (ver programa). Fernando Aielo (director de Bosques de la provincia de Santa Fe), Marta Zamero (docente e investigadora) y el profesor V\u00edctor Debloc.<\/p>\n<p>Por otra parte Lorenzini puso en valor el evento, \u201ces importante hacer crecer estos espacios, ya que la mayor\u00eda de las escuelas rurales tiene personal \u00fanico y nos hace bien encontrarnos y trabajar en problem\u00e1ticas comunes como es el cuidado del ambiente y el arraigo en la zona\u201d, mencion\u00f3.<\/p>\n<p>La din\u00e1mica del Congreso<\/p>\n<p>El evento busca fortalecer los lazos interinstitucionales; revisar las pr\u00e1cticas pedag\u00f3gicas de las escuelas rurales; analizar las acciones relacionadas con el manejo de los bosques nativos y socializar experiencias y trabajos de las organizaciones locales y regionales que realizan diversas actividades en la zona.<\/p>\n<p>Est\u00e1n invitados a participar educadores y estudiantes rurales de diferentes niveles y modalidades y la comunidad en general.<\/p>\n<p>Se realizar\u00e1n paneles con especialistas que disertar\u00e1n en el marco del tema convocante: bosque, arraigo y alfabetizaci\u00f3n. Paralelamente se desarrollar\u00e1 una exposici\u00f3n con varios stands, donde las escuelas invitadas presentar\u00e1n sus proyectos y trabajos institucionales.<\/p>\n<p>Cada una mostrar\u00e1 las actividades pedag\u00f3gicas interdisciplinarias que realizan durante el ciclo lectivo, es un espacio de intercambio sobre sus pr\u00e1cticas enriqueciendo de esa manera a toda la comunidad. Habr\u00e1 tambi\u00e9n un espacio de actividades y juegos a cargo del programa \u201cLa Escuela que Rueda\u201d, del Ministerio de Educaci\u00f3n de la provincia.<br \/>\nPrograma (provisorio)<\/p>\n<p>8 h Recepci\u00f3n<br \/>\n8.30 h Apertura<br \/>\n9 h Panel 1. Presentaci\u00f3n de la Red de escuelas rurales de la Cu\u00f1a Boscosa.<br \/>\n9.30 h Panel 2. INTA. Expone el Ing. Fernando Aiello<br \/>\n10.30 h Caf\u00e9<br \/>\n10.45 h Recorrido Exposici\u00f3n muestra de Escuelas Rurales<br \/>\n12.15 h Panel 3. Ministerio de Educaci\u00f3n. Expone la Lic. Marta Zamero<br \/>\n13 h Almuerzo 13.45 hs. Panel 4. Ministerio de Educaci\u00f3n. Expone V\u00edctor Debloc.<br \/>\n14.30 h Cierre<\/p>\n<p>Inscripci\u00f3n:<br \/>\n&#8211; <a href=\"https:\/\/docs.google.com\/forms\/d\/e\/1FAIpQLSdyREtR3j56jZZUCbqEfP82S0oEIFe5KvrzU69u9OhFTXleag\/viewform\">https:\/\/docs.google.com\/forms\/d\/e\/1FAIpQLSdyREtR3j56jZZUCbqEfP82S0oEIFe5KvrzU69u9OhFTXleag\/viewform<\/a><\/p>\n<p>Link corto: <a href=\"https:\/\/acortar.link\/i3c9yG\">https:\/\/acortar.link\/i3c9yG<\/a><\/p>\n","protected":false},"excerpt":{"rendered":"<p>\u201cConstruir ciudadan\u00eda y arraigo, poniendo en valor nuestro bosque nativo\u201d es el lema de este evento programado para mi\u00e9rcoles 19 de octubre en la Escuela N\u00b0 6263 Elina Jagou de Carlen en el Km 302, paraje El Toba, departamento Vera. Este es el resultado de m\u00e1s de 10 a\u00f1os de trabajo articulado entre la Regi\u00f3n [&hellip;]<\/p>\n","protected":false},"author":3,"featured_media":40348,"comment_status":"closed","ping_status":"closed","sticky":false,"template":"","format":"standard","meta":{"_joinchat":[],"footnotes":""},"categories":[55],"tags":[],"class_list":{"0":"post-40347","1":"post","2":"type-post","3":"status-publish","4":"format-standard","5":"has-post-thumbnail","7":"category-reconquista"},"_links":{"self":[{"href":"https:\/\/infovera.com.ar\/web\/wp-json\/wp\/v2\/posts\/40347","targetHints":{"allow":["GET"]}}],"collection":[{"href":"https:\/\/infovera.com.ar\/web\/wp-json\/wp\/v2\/posts"}],"about":[{"href":"https:\/\/infovera.com.ar\/web\/wp-json\/wp\/v2\/types\/post"}],"author":[{"embeddable":true,"href":"https:\/\/infovera.com.ar\/web\/wp-json\/wp\/v2\/users\/3"}],"replies":[{"embeddable":true,"href":"https:\/\/infovera.com.ar\/web\/wp-json\/wp\/v2\/comments?post=40347"}],"version-history":[{"count":0,"href":"https:\/\/infovera.com.ar\/web\/wp-json\/wp\/v2\/posts\/40347\/revisions"}],"wp:featuredmedia":[{"embeddable":true,"href":"https:\/\/infovera.com.ar\/web\/wp-json\/wp\/v2\/media\/40348"}],"wp:attachment":[{"href":"https:\/\/infovera.com.ar\/web\/wp-json\/wp\/v2\/media?parent=40347"}],"wp:term":[{"taxonomy":"category","embeddable":true,"href":"https:\/\/infovera.com.ar\/web\/wp-json\/wp\/v2\/categories?post=40347"},{"taxonomy":"post_tag","embeddable":true,"href":"https:\/\/infovera.com.ar\/web\/wp-json\/wp\/v2\/tags?post=40347"}],"curies":[{"name":"wp","href":"https:\/\/api.w.org\/{rel}","templated":true}]}}