{"id":40343,"date":"2022-09-23T17:24:40","date_gmt":"2022-09-23T20:24:40","guid":{"rendered":"https:\/\/infovera.com.ar\/web\/?p=40343"},"modified":"2022-09-23T17:24:40","modified_gmt":"2022-09-23T20:24:40","slug":"por-primera-vez-la-junta-provincial-de-seguridad-incluyo-al-observatorio-de-victimas","status":"publish","type":"post","link":"https:\/\/infovera.com.ar\/web\/2022\/09\/23\/por-primera-vez-la-junta-provincial-de-seguridad-incluyo-al-observatorio-de-victimas\/","title":{"rendered":"Por primera vez la Junta Provincial de Seguridad incluy\u00f3 al Observatorio de V\u00edctimas"},"content":{"rendered":"<p>El pasado mi\u00e9rcoles se llev\u00f3 a cabo una nueva reuni\u00f3n de la Junta Provincial de Seguridad en la Casa Gris. Por primera vez pudieron participar v\u00edctimas de delitos y sus familiares. Los acompa\u00f1\u00f3 el Diputado del Frente Renovador -PJ Oscar Mart\u00ednez quien coordina el Observatorio de V\u00edctimas de la C\u00e1mara Baja.<\/p>\n<p>La Junta de Seguridad de la provincia se reuni\u00f3 por tercera vez en el a\u00f1o este mi\u00e9rcoles en la Casa de Gobierno de Santa Fe. Desde sus comienzos la integran el Gobernador, Ministros, Legisladores, Intendentes, integrantes de las fuerzas de seguridad y miembros del Poder Judicial.<\/p>\n<p>Por primera vez desde su constituci\u00f3n se convoc\u00f3 al Observatorio de V\u00edctimas de la C\u00e1mara de Diputados, propuesta que present\u00f3 en febrero de este a\u00f1o su Coordinador, el diputado Oscar Mart\u00ednez. \u201cNo tiene l\u00f3gica que en un \u00e1mbito como ese, donde se discuten las pol\u00edticas p\u00fablicas necesarias para combatir el delito y la inseguridad no est\u00e1n presentes las v\u00edctimas, que son quienes est\u00e1n en esta situaci\u00f3n precisamente por la incapacidad del Estado de mantener su seguridad\u201d, declar\u00f3 Mart\u00ednez en ese momento.<\/p>\n<p>As\u00ed es que despu\u00e9s de varias idas y vueltas finalmente las v\u00edctimas y sus familiares est\u00e1n representados en la Junta, y son quienes se llevaron toda la atenci\u00f3n en esta reuni\u00f3n, contando sus experiencias pero tambi\u00e9n llevando propuestas. Entre ellas varias que fueron presentadas por el diputado Oscar Mart\u00ednez en la legislatura y est\u00e1n siendo tratadas en ambas C\u00e1maras. Una de ellas es la Ley Provincial de V\u00edctimas, que tiene media sanci\u00f3n y espera su tratamiento en Senadores. Tambi\u00e9n la Ley que establece prisi\u00f3n preventiva para quien porte o use armas en la comisi\u00f3n de un delito, y la de prisi\u00f3n preventiva para quien viole una restricci\u00f3n perimetral. Adem\u00e1s se puso en agenda la Ley de Ciberseguridad, la Ley de protecci\u00f3n de trabajadoras y trabajadores de deliverys, y la ley que castiga el robo de cables en la v\u00eda p\u00fablica, y la modificaci\u00f3n del C\u00f3digo Procesal juvenil. El Observatorio solicit\u00f3 asimismo al Ejecutivo la participaci\u00f3n de las Asociaciones de V\u00edctimas en la formaci\u00f3n de la fuerza policial para generar una perspectiva de v\u00edctimas y la apertura de Comisar\u00edas que fueron cerradas como as\u00ed tambi\u00e9n una mayor presencia policial en los barrios de las grandes ciudades. Al MPA se le pidi\u00f3 que el personal que atiende a las v\u00edctimas sea capacitado en este sentido y la creaci\u00f3n de Fiscal\u00edas especializadas en Ciberdelitos.<\/p>\n<p>En di\u00e1logo con la prensa el legislador del Frente Renovador- PJ asegur\u00f3 que \u201ctodos los santafesinos y santafesinas somos v\u00edctimas de la inseguridad y la violencia que nos atraviesa. Es responsabilidad de todos los Poderes y de todos los niveles de gobierno poder dar respuesta estableciendo un proceso que pueda revertir esta situaci\u00f3n\u201d.<\/p>\n<p>\u201cPara el Observatorio de V\u00edctimas en el que venimos trabajando pr\u00e1cticamente desde el primer d\u00eda es un gran logro que nos permitiera participar de la Junta de Seguridad\u201d.Y concluy\u00f3 despu\u00e9s de la reuni\u00f3n que \u201ctengo una prudente esperanza que esto se puede resolver. Es un a\u00f1o en el que debemos abordar este tema con responsabilidad. No es un tema menor la cuesti\u00f3n de la seguridad pero lo importante es que generemos consensos para poder salir de esta compleja situaci\u00f3n\u201d, finaliz\u00f3 Mart\u00ednez.<\/p>\n<p>&nbsp;<\/p>\n<p>&nbsp;<\/p>\n<p>&nbsp;<\/p>\n<p>&nbsp;<\/p>\n<p>&nbsp;<\/p>\n","protected":false},"excerpt":{"rendered":"<p>El pasado mi\u00e9rcoles se llev\u00f3 a cabo una nueva reuni\u00f3n de la Junta Provincial de Seguridad en la Casa Gris. Por primera vez pudieron participar v\u00edctimas de delitos y sus familiares. Los acompa\u00f1\u00f3 el Diputado del Frente Renovador -PJ Oscar Mart\u00ednez quien coordina el Observatorio de V\u00edctimas de la C\u00e1mara Baja. La Junta de Seguridad [&hellip;]<\/p>\n","protected":false},"author":3,"featured_media":40344,"comment_status":"closed","ping_status":"closed","sticky":false,"template":"","format":"standard","meta":{"_joinchat":[],"footnotes":""},"categories":[66],"tags":[],"class_list":{"0":"post-40343","1":"post","2":"type-post","3":"status-publish","4":"format-standard","5":"has-post-thumbnail","7":"category-politica"},"_links":{"self":[{"href":"https:\/\/infovera.com.ar\/web\/wp-json\/wp\/v2\/posts\/40343","targetHints":{"allow":["GET"]}}],"collection":[{"href":"https:\/\/infovera.com.ar\/web\/wp-json\/wp\/v2\/posts"}],"about":[{"href":"https:\/\/infovera.com.ar\/web\/wp-json\/wp\/v2\/types\/post"}],"author":[{"embeddable":true,"href":"https:\/\/infovera.com.ar\/web\/wp-json\/wp\/v2\/users\/3"}],"replies":[{"embeddable":true,"href":"https:\/\/infovera.com.ar\/web\/wp-json\/wp\/v2\/comments?post=40343"}],"version-history":[{"count":0,"href":"https:\/\/infovera.com.ar\/web\/wp-json\/wp\/v2\/posts\/40343\/revisions"}],"wp:featuredmedia":[{"embeddable":true,"href":"https:\/\/infovera.com.ar\/web\/wp-json\/wp\/v2\/media\/40344"}],"wp:attachment":[{"href":"https:\/\/infovera.com.ar\/web\/wp-json\/wp\/v2\/media?parent=40343"}],"wp:term":[{"taxonomy":"category","embeddable":true,"href":"https:\/\/infovera.com.ar\/web\/wp-json\/wp\/v2\/categories?post=40343"},{"taxonomy":"post_tag","embeddable":true,"href":"https:\/\/infovera.com.ar\/web\/wp-json\/wp\/v2\/tags?post=40343"}],"curies":[{"name":"wp","href":"https:\/\/api.w.org\/{rel}","templated":true}]}}