{"id":40333,"date":"2022-09-23T08:09:24","date_gmt":"2022-09-23T11:09:24","guid":{"rendered":"https:\/\/infovera.com.ar\/web\/?p=40333"},"modified":"2022-09-24T20:22:35","modified_gmt":"2022-09-24T23:22:35","slug":"amra-fustigo-a-exdirigentes-por-lanzarse-a-la-creacion-de-un-nuevo-espacio-sindical","status":"publish","type":"post","link":"https:\/\/infovera.com.ar\/web\/2022\/09\/23\/amra-fustigo-a-exdirigentes-por-lanzarse-a-la-creacion-de-un-nuevo-espacio-sindical\/","title":{"rendered":"AMRA fustig\u00f3 a exdirigentes por lanzarse a la creaci\u00f3n de un nuevo espacio sindical"},"content":{"rendered":"<p><strong>La Asociaci\u00f3n de M\u00e9dicos de la Rep\u00fablica Argentina critic\u00f3 la decisi\u00f3n en un comunicado:<\/strong><\/p>\n<p>TEXTUAL<\/p>\n<p>Con la misma estrategia a la que nos tienen acostumbrados, un grupo de exdirigentes de AMRA se lanzan a la creaci\u00f3n de un nuevo espacio sindical en Santa Fe poniendo en riesgo la protecci\u00f3n legal de los compa\u00f1eros y compa\u00f1eras y, lo que es peor, neg\u00e1ndoles la representaci\u00f3n en la mesa paritaria.<\/p>\n<p>Esgrimen los mismos falaces argumentos: una elecci\u00f3n fraudulenta, a la cual entendemos que se refieren a la que ellos convocaron sin marco legal que los avalara.<\/p>\n<p>Cuando hablan de manejos de fondos fraudulentos, quiz\u00e1s se refieran a la falta de presentaci\u00f3n de estados contables por m\u00e1s de un a\u00f1o de la ex Secretaria General. O, tal vez, a obviar la notificaci\u00f3n para la defensa ante la Asamblea Extraordinaria, hecho f\u00e1cilmente demostrable con los telegramas enviados a todos los domicilios laborales y particulares de la Dra Maiorana.<\/p>\n<p>Quiz\u00e1s, en la desesperaci\u00f3n por recuperar la caja que manejaron a discreci\u00f3n, necesitan crear un nuevo espacio para continuar con sus pr\u00e1cticas.<\/p>\n<p>Pero lo m\u00e1s grave, sin duda, es que en este lapso de tiempo que supuestamente les llevar\u00e1 la constituci\u00f3n de ese espacio (por las normas referentes a la inscripci\u00f3n de una entidad sindical nueva) los compa\u00f1eros y compa\u00f1eras, seg\u00fan ellos, deben desafiliarse a AMRA y, si tienen alg\u00fan problema, deben recurrir a AMRA por un a\u00f1o para que los proteja, hecho absurdo si los hubiera.<\/p>\n<p>Lo que ha quedado demostrado en todo este tiempo con sus maniobras (utilizar hombres de otro sindicato para DEFENDER la sede gremial de la probable ocupaci\u00f3n de sus propietarios y luego difundir las im\u00e1genes, violar las cerraduras de dicho inmueble, escrachar a compa\u00f1eros y compa\u00f1eras en sus domicilios particulares, Etc. etc. etc.) tiene un \u00fanico y claro objetivo: perpetuarse en el poder.<\/p>\n<p>Lamentamos profundamente est\u00e1 situaci\u00f3n y hacemos un llamado a la reflexi\u00f3n para la construcci\u00f3n de un espacio de trabajo pac\u00edfico, creativo y comprometido cuyo \u00fanico fin sea la protecci\u00f3n de los y las profesionales de la salud.<\/p>\n<p>Se pueden crear la cantidad de instituciones que se deseen, pero lo que no se puede, en ese af\u00e1n, es utilizar el buen nombre de la gente y mentir descaradamente para lograr ese objetivo.<\/p>\n<p>Los invitamos a qu\u00e9 se comuniquen con #AMRA para solicitar todas y cada una de las pruebas que consideren necesarias para que quede claro qui\u00e9n miente.<\/p>\n<p><a href=\"https:\/\/infovera.com.ar\/web\/wp-content\/uploads\/2022\/09\/COMUN.png\"><img loading=\"lazy\" decoding=\"async\" class=\"alignleft size-full wp-image-40336\" src=\"https:\/\/infovera.com.ar\/web\/wp-content\/uploads\/2022\/09\/COMUN.png\" alt=\"\" width=\"768\" height=\"774\" srcset=\"https:\/\/infovera.com.ar\/web\/wp-content\/uploads\/2022\/09\/COMUN.png 768w, https:\/\/infovera.com.ar\/web\/wp-content\/uploads\/2022\/09\/COMUN-696x701.png 696w, https:\/\/infovera.com.ar\/web\/wp-content\/uploads\/2022\/09\/COMUN-417x420.png 417w\" sizes=\"auto, (max-width: 768px) 100vw, 768px\" \/><\/a><\/p>\n","protected":false},"excerpt":{"rendered":"<p>La Asociaci\u00f3n de M\u00e9dicos de la Rep\u00fablica Argentina critic\u00f3 la decisi\u00f3n en un comunicado: TEXTUAL Con la misma estrategia a la que nos tienen acostumbrados, un grupo de exdirigentes de AMRA se lanzan a la creaci\u00f3n de un nuevo espacio sindical en Santa Fe poniendo en riesgo la protecci\u00f3n legal de los compa\u00f1eros y compa\u00f1eras [&hellip;]<\/p>\n","protected":false},"author":3,"featured_media":9278,"comment_status":"closed","ping_status":"closed","sticky":false,"template":"","format":"standard","meta":{"_joinchat":[],"footnotes":""},"categories":[66,60],"tags":[],"class_list":{"0":"post-40333","1":"post","2":"type-post","3":"status-publish","4":"format-standard","5":"has-post-thumbnail","7":"category-politica","8":"category-provinciales"},"_links":{"self":[{"href":"https:\/\/infovera.com.ar\/web\/wp-json\/wp\/v2\/posts\/40333","targetHints":{"allow":["GET"]}}],"collection":[{"href":"https:\/\/infovera.com.ar\/web\/wp-json\/wp\/v2\/posts"}],"about":[{"href":"https:\/\/infovera.com.ar\/web\/wp-json\/wp\/v2\/types\/post"}],"author":[{"embeddable":true,"href":"https:\/\/infovera.com.ar\/web\/wp-json\/wp\/v2\/users\/3"}],"replies":[{"embeddable":true,"href":"https:\/\/infovera.com.ar\/web\/wp-json\/wp\/v2\/comments?post=40333"}],"version-history":[{"count":0,"href":"https:\/\/infovera.com.ar\/web\/wp-json\/wp\/v2\/posts\/40333\/revisions"}],"wp:featuredmedia":[{"embeddable":true,"href":"https:\/\/infovera.com.ar\/web\/wp-json\/wp\/v2\/media\/9278"}],"wp:attachment":[{"href":"https:\/\/infovera.com.ar\/web\/wp-json\/wp\/v2\/media?parent=40333"}],"wp:term":[{"taxonomy":"category","embeddable":true,"href":"https:\/\/infovera.com.ar\/web\/wp-json\/wp\/v2\/categories?post=40333"},{"taxonomy":"post_tag","embeddable":true,"href":"https:\/\/infovera.com.ar\/web\/wp-json\/wp\/v2\/tags?post=40333"}],"curies":[{"name":"wp","href":"https:\/\/api.w.org\/{rel}","templated":true}]}}