{"id":40329,"date":"2022-09-22T19:35:28","date_gmt":"2022-09-22T22:35:28","guid":{"rendered":"https:\/\/infovera.com.ar\/web\/?p=40329"},"modified":"2022-09-22T19:35:28","modified_gmt":"2022-09-22T22:35:28","slug":"el-municipio-trabaja-en-conjunto-con-vialidad-provincial","status":"publish","type":"post","link":"https:\/\/infovera.com.ar\/web\/2022\/09\/22\/el-municipio-trabaja-en-conjunto-con-vialidad-provincial\/","title":{"rendered":"El municipio trabaja en conjunto con Vialidad Provincial"},"content":{"rendered":"<p>La Intendente Municipal, Ing. Paula Mitre, junto al responsable de Vialidad Provincial Zona VIII, Rodrigo Yba\u00f1ez, recorrieron las rutas provinciales de calzada natural 83 S y 284 S, donde la Direcci\u00f3n y el Municipio est\u00e1n realizando trabajos en conjunto.<\/p>\n<p>&nbsp;<\/p>\n<p>Al respecto, la Intendente expres\u00f3 \u201cjunto a Vialidad Provincial hemos podido verificar la realizaci\u00f3n de los trabajos tales como la canalizaci\u00f3n (extracci\u00f3n lateral de suelo) en la 284 S en el primer tramo para permitir un mejor escurrimiento de los desag\u00fces pluviales.<\/p>\n<p>&nbsp;<\/p>\n<p>Tambi\u00e9n se est\u00e1 realizando la reconstrucci\u00f3n de la Ruta 83 S, con el objetivo de reconfigurarla, lo que facilitar\u00e1 el escurrimiento del agua de precipitaciones, logando un secado m\u00e1s eficaz para garantizar la transitabilidad en poco tiempo luego de las inclemencias clim\u00e1ticas.<\/p>\n<p>&nbsp;<\/p>\n<p>Es fundamental que trabajemos en pos de las buenas condiciones de transitabilidad para nuestros vecinos del distrito y tambi\u00e9n para nuestos productores que deben trasladar su producci\u00f3n\u201d.<\/p>\n","protected":false},"excerpt":{"rendered":"<p>La Intendente Municipal, Ing. Paula Mitre, junto al responsable de Vialidad Provincial Zona VIII, Rodrigo Yba\u00f1ez, recorrieron las rutas provinciales de calzada natural 83 S y 284 S, donde la Direcci\u00f3n y el Municipio est\u00e1n realizando trabajos en conjunto. &nbsp; Al respecto, la Intendente expres\u00f3 \u201cjunto a Vialidad Provincial hemos podido verificar la realizaci\u00f3n de [&hellip;]<\/p>\n","protected":false},"author":3,"featured_media":40330,"comment_status":"closed","ping_status":"closed","sticky":false,"template":"","format":"standard","meta":{"_joinchat":[],"footnotes":""},"categories":[53],"tags":[],"class_list":{"0":"post-40329","1":"post","2":"type-post","3":"status-publish","4":"format-standard","5":"has-post-thumbnail","7":"category-vera"},"_links":{"self":[{"href":"https:\/\/infovera.com.ar\/web\/wp-json\/wp\/v2\/posts\/40329","targetHints":{"allow":["GET"]}}],"collection":[{"href":"https:\/\/infovera.com.ar\/web\/wp-json\/wp\/v2\/posts"}],"about":[{"href":"https:\/\/infovera.com.ar\/web\/wp-json\/wp\/v2\/types\/post"}],"author":[{"embeddable":true,"href":"https:\/\/infovera.com.ar\/web\/wp-json\/wp\/v2\/users\/3"}],"replies":[{"embeddable":true,"href":"https:\/\/infovera.com.ar\/web\/wp-json\/wp\/v2\/comments?post=40329"}],"version-history":[{"count":0,"href":"https:\/\/infovera.com.ar\/web\/wp-json\/wp\/v2\/posts\/40329\/revisions"}],"wp:featuredmedia":[{"embeddable":true,"href":"https:\/\/infovera.com.ar\/web\/wp-json\/wp\/v2\/media\/40330"}],"wp:attachment":[{"href":"https:\/\/infovera.com.ar\/web\/wp-json\/wp\/v2\/media?parent=40329"}],"wp:term":[{"taxonomy":"category","embeddable":true,"href":"https:\/\/infovera.com.ar\/web\/wp-json\/wp\/v2\/categories?post=40329"},{"taxonomy":"post_tag","embeddable":true,"href":"https:\/\/infovera.com.ar\/web\/wp-json\/wp\/v2\/tags?post=40329"}],"curies":[{"name":"wp","href":"https:\/\/api.w.org\/{rel}","templated":true}]}}