{"id":40308,"date":"2022-09-22T11:55:10","date_gmt":"2022-09-22T14:55:10","guid":{"rendered":"https:\/\/infovera.com.ar\/web\/?p=40308"},"modified":"2022-09-23T08:46:07","modified_gmt":"2022-09-23T11:46:07","slug":"sumemos-esfuerzos-propuso-eximir-del-pago-de-impuestos-a-veteranos-de-malvinas","status":"publish","type":"post","link":"https:\/\/infovera.com.ar\/web\/2022\/09\/22\/sumemos-esfuerzos-propuso-eximir-del-pago-de-impuestos-a-veteranos-de-malvinas\/","title":{"rendered":"Sumemos Esfuerzos propuso eximir del pago de impuestos a Veteranos de Malvinas"},"content":{"rendered":"<p><strong>En la sesi\u00f3n semanal del Concejo Municipal de Vera se trataron varios temas.<\/strong><\/p>\n<p>En primero lugar, el cuerpo pas\u00f3 a comisi\u00f3n para su tratamiento un Proyecto de Ordenanza del bloque Sumemos Esfuerzos para eximir del pago de la Tasa General de Inmuebles Urbanos a los Veteranos de Malvinas de la ciudad de Vera y su distrito, de acuerdo a la Ley Provincial N\u00b013.421 de Reconocimiento Hist\u00f3rico a todos los soldados que estuvieron bajo bandera en la Guerra contra Inglaterra entre abril y junio de 1982.<\/p>\n<p>Luego, se aprob\u00f3 por unanimidad un Proyecto de Resoluci\u00f3n del mismo bloque declarando la solidaridad del cuerpo legislativo local con la lucha docente por sus derechos y el repudio a la amenaza del Ministerio de Educaci\u00f3n de descontar los d\u00edas de paro.<\/p>\n<p>Luego, se aprobaron dos proyectos de Resoluci\u00f3n del bloque Vera Vive solicitando que se declare de Inter\u00e9s Legislativo, Social, Cultural y Educativo las actividades municipales en el marco de los festejos por el D\u00eda del Estudiante; y solicitando se declare de Inter\u00e9s Legislativo y Social el D\u00eda de todos los Jubilados de la ciudad de Vera y distrito.<\/p>\n<p>Por otra parte, los ediles aprobaron dict\u00e1menes de la Comisi\u00f3n de Gobierno y Hacienda, a saber:<\/p>\n<p>El Proyecto de Ordenanza que regula el servicio municipal de sepelio a familias en situaci\u00f3n de extrema vulnerabilidad social fue aprobado por unanimidad con modificaciones.<\/p>\n<p>El Proyecto de Ordenanza para regular la instalaci\u00f3n y\/o construcci\u00f3n de Cinerarios y Columbarios en la ciudad de Vera y su distrito fue aprobado por unanimidad.<\/p>\n","protected":false},"excerpt":{"rendered":"<p>En la sesi\u00f3n semanal del Concejo Municipal de Vera se trataron varios temas. En primero lugar, el cuerpo pas\u00f3 a comisi\u00f3n para su tratamiento un Proyecto de Ordenanza del bloque Sumemos Esfuerzos para eximir del pago de la Tasa General de Inmuebles Urbanos a los Veteranos de Malvinas de la ciudad de Vera y su [&hellip;]<\/p>\n","protected":false},"author":3,"featured_media":40309,"comment_status":"closed","ping_status":"closed","sticky":false,"template":"","format":"standard","meta":{"_joinchat":[],"footnotes":""},"categories":[53],"tags":[],"class_list":{"0":"post-40308","1":"post","2":"type-post","3":"status-publish","4":"format-standard","5":"has-post-thumbnail","7":"category-vera"},"_links":{"self":[{"href":"https:\/\/infovera.com.ar\/web\/wp-json\/wp\/v2\/posts\/40308","targetHints":{"allow":["GET"]}}],"collection":[{"href":"https:\/\/infovera.com.ar\/web\/wp-json\/wp\/v2\/posts"}],"about":[{"href":"https:\/\/infovera.com.ar\/web\/wp-json\/wp\/v2\/types\/post"}],"author":[{"embeddable":true,"href":"https:\/\/infovera.com.ar\/web\/wp-json\/wp\/v2\/users\/3"}],"replies":[{"embeddable":true,"href":"https:\/\/infovera.com.ar\/web\/wp-json\/wp\/v2\/comments?post=40308"}],"version-history":[{"count":0,"href":"https:\/\/infovera.com.ar\/web\/wp-json\/wp\/v2\/posts\/40308\/revisions"}],"wp:featuredmedia":[{"embeddable":true,"href":"https:\/\/infovera.com.ar\/web\/wp-json\/wp\/v2\/media\/40309"}],"wp:attachment":[{"href":"https:\/\/infovera.com.ar\/web\/wp-json\/wp\/v2\/media?parent=40308"}],"wp:term":[{"taxonomy":"category","embeddable":true,"href":"https:\/\/infovera.com.ar\/web\/wp-json\/wp\/v2\/categories?post=40308"},{"taxonomy":"post_tag","embeddable":true,"href":"https:\/\/infovera.com.ar\/web\/wp-json\/wp\/v2\/tags?post=40308"}],"curies":[{"name":"wp","href":"https:\/\/api.w.org\/{rel}","templated":true}]}}