{"id":40281,"date":"2022-09-21T13:57:13","date_gmt":"2022-09-21T16:57:13","guid":{"rendered":"https:\/\/infovera.com.ar\/web\/?p=40281"},"modified":"2022-09-21T13:57:13","modified_gmt":"2022-09-21T16:57:13","slug":"los-juegos-santafesinos-tuvieron-su-segunda-gran-final-provincial","status":"publish","type":"post","link":"https:\/\/infovera.com.ar\/web\/2022\/09\/21\/los-juegos-santafesinos-tuvieron-su-segunda-gran-final-provincial\/","title":{"rendered":"Los Juegos Santafesinos tuvieron su segunda gran final provincial"},"content":{"rendered":"<p>El gobierno de la provincia desarroll\u00f3 la segunda gran final provincial de los Juegos Santafesinos 2022 para continuar definiendo deportistas y equipos que representar\u00e1n a Santa Fe en los Juegos Nacionales Evita 2022, a disputarse en la ciudad de Mar del Plata entre el 24 y 29 de octubre. En esta oportunidad, con sede principal en el Centro de Alto Rendimiento Deportivo (CARD) de la ciudad de Santa Fe, m\u00e1s de 800 j\u00f3venes compitieron en seis disciplinas deportivas para lograr clasificar al certamen nacional, adem\u00e1s de compartir espacios recreativos y de capacitaci\u00f3n en el marco del Fan Fest.<\/p>\n<p>Durante el acto de apertura, el ministro de Desarrollo Social, Danilo Capitani, expres\u00f3: \u201cGracias a todos los que pusieron su granito de arena, a todos los profes, que realmente llevaron adelante el programa con mucho \u00e9xito hasta estos grandes eventos\u201d.<\/p>\n<p>Por su parte, la ministra de Gobierno, Justicia y Derechos Humanos, Celia Arena, resalt\u00f3: \u201cLa posibilidad de juntarnos despu\u00e9s de dos a\u00f1os y medio tan complicados que tuvimos, esa posibilidad de juntarse entre ustedes, conocer chicas y chicos de otros lugares de la provincia es genial, y por supuesto esa fuerza de nuestra provincia, la fuerza que va a tener esa representaci\u00f3n que vamos a tener en Mar del Plata. Para nuestro gobernador Omar Perotti esta es una apuesta fundamental, la de fortalecer todos los espacios de participaci\u00f3n y de crecimiento de las y los j\u00f3venes, y este programa es una prueba concreta\u201d.<\/p>\n<p>Al respecto, la secretaria de Deportes Florencia Molinero, destac\u00f3 el trabajo de las y los profesores de educaci\u00f3n f\u00edsica, \u201cquienes trabajaron much\u00edsimo todos los d\u00edas, recorriendo clubes, escuelas y participando en la organizaci\u00f3n para que este programa donde est\u00e1n participando 80.000 j\u00f3venes de toda Santa Fe, sea una verdadera fiesta\u201d, a lo que agreg\u00f3 que \u201cm\u00e1s all\u00e1 de a quien le toque viajar a Mar del Plata, vivan estos d\u00edas de la mejor manera, disfrutando y haciendo amistades\u201d.<\/p>\n<p>A su turno, el director Provincial de Educaci\u00f3n F\u00edsica, Alfredo Giansily dese\u00f3 \u201cuna excelente jornada, que el tiempo ayude a disfrutar, a pasar bien y a conocernos entre todos\u201d.<\/p>\n<p>El programa, que es implementado por el Ministerio de Desarrollo Social a trav\u00e9s de la Secretar\u00eda de Deportes y el Ministerio de Educaci\u00f3n mediante la direcci\u00f3n Provincial de Educaci\u00f3n F\u00edsica, en esta segunda gran Final Provincial tuvo las competencias de Atletismo Sub14, Atletismo Adaptado sub16 y sub18, F\u00fatbol 11 sub14, Futsal sub14 y sub16 femenino, B\u00e1squet 3&#215;3 sub14 y sub16, y V\u00f3ley sub17 en ambas ramas. En tanto, el primer gran encuentro masivo fue en Rosario los d\u00edas 14 y 15 de septiembre para Atletismo convencional sub 17 y Atletismo Adaptado Sub14 , Nataci\u00f3n Adaptada sub14, Handball sub16, Hockey y Cestoball sub14 y B\u00e1squet sub17, todas en femenino y masculino, y Futsal masculino sub14.<\/p>\n<p>La tercera Final Provincial, que dar\u00e1 el cierre a la delegaci\u00f3n santafesina que participar\u00e1 en los Juegos Evita, ser\u00e1 en la ciudad de Santa Fe entre los d\u00edas 27 y 28 de septiembre para Hockey sub16, V\u00f3ley sub15, Handball sub14, B\u00e1squet 5&#215;5 sub15 y F\u00fatbol 11 sub16 para ambas ramas, F\u00fatbol 7 mixto sub14, Ajedrez mixto, y los deportes en equipos que concentra el deporte para personas con discapacidad.<\/p>\n<p>Es importante resaltar que, gracias a un trabajo conjunto entre el equipo de la Secretar\u00eda de Deportes y las Federaciones y Asociaciones deportivas de las disciplinas, Santa Fe ya defini\u00f3 sus representantes en Levantamiento Ol\u00edmpico, Karate, Judo, Taekwondo, Canotaje, Gimnasia Art\u00edstica y R\u00edtmica, Trampol\u00edn, Optimist, Windsurf, Pat\u00edn Art\u00edstico, Pat\u00edn Carrera, Rugby, Badminton, Skate, Tenis ingl\u00e9s, Beach Volley, Acuatl\u00f3n, Boxeo, Esgrima, Tiro con Arco, Tiro Deportivo, Nataci\u00f3n Art\u00edstica, Beach Handball, Lucha y Lucha Grecorromana, Tenis de Mesa, Nataci\u00f3n, Ciclismo y Pelota Paleta.<\/p>\n","protected":false},"excerpt":{"rendered":"<p>El gobierno de la provincia desarroll\u00f3 la segunda gran final provincial de los Juegos Santafesinos 2022 para continuar definiendo deportistas y equipos que representar\u00e1n a Santa Fe en los Juegos Nacionales Evita 2022, a disputarse en la ciudad de Mar del Plata entre el 24 y 29 de octubre. En esta oportunidad, con sede principal [&hellip;]<\/p>\n","protected":false},"author":3,"featured_media":40282,"comment_status":"closed","ping_status":"closed","sticky":false,"template":"","format":"standard","meta":{"_joinchat":[],"footnotes":""},"categories":[31],"tags":[],"class_list":{"0":"post-40281","1":"post","2":"type-post","3":"status-publish","4":"format-standard","5":"has-post-thumbnail","7":"category-deportes"},"_links":{"self":[{"href":"https:\/\/infovera.com.ar\/web\/wp-json\/wp\/v2\/posts\/40281","targetHints":{"allow":["GET"]}}],"collection":[{"href":"https:\/\/infovera.com.ar\/web\/wp-json\/wp\/v2\/posts"}],"about":[{"href":"https:\/\/infovera.com.ar\/web\/wp-json\/wp\/v2\/types\/post"}],"author":[{"embeddable":true,"href":"https:\/\/infovera.com.ar\/web\/wp-json\/wp\/v2\/users\/3"}],"replies":[{"embeddable":true,"href":"https:\/\/infovera.com.ar\/web\/wp-json\/wp\/v2\/comments?post=40281"}],"version-history":[{"count":0,"href":"https:\/\/infovera.com.ar\/web\/wp-json\/wp\/v2\/posts\/40281\/revisions"}],"wp:featuredmedia":[{"embeddable":true,"href":"https:\/\/infovera.com.ar\/web\/wp-json\/wp\/v2\/media\/40282"}],"wp:attachment":[{"href":"https:\/\/infovera.com.ar\/web\/wp-json\/wp\/v2\/media?parent=40281"}],"wp:term":[{"taxonomy":"category","embeddable":true,"href":"https:\/\/infovera.com.ar\/web\/wp-json\/wp\/v2\/categories?post=40281"},{"taxonomy":"post_tag","embeddable":true,"href":"https:\/\/infovera.com.ar\/web\/wp-json\/wp\/v2\/tags?post=40281"}],"curies":[{"name":"wp","href":"https:\/\/api.w.org\/{rel}","templated":true}]}}