{"id":40224,"date":"2022-09-20T12:29:10","date_gmt":"2022-09-20T15:29:10","guid":{"rendered":"https:\/\/infovera.com.ar\/web\/?p=40224"},"modified":"2022-09-23T08:46:36","modified_gmt":"2022-09-23T11:46:36","slug":"la-sede-municipal-verense-se-ilumino-de-azul","status":"publish","type":"post","link":"https:\/\/infovera.com.ar\/web\/2022\/09\/20\/la-sede-municipal-verense-se-ilumino-de-azul\/","title":{"rendered":"La sede municipal verense se ilumin\u00f3 de azul"},"content":{"rendered":"<p><strong>En el marco del D\u00eda Nacional de las Personas Sordas el edificio de la Municipalidad de Vera se ilumin\u00f3 de azul, color elegido por la Federaci\u00f3n Mundial para homenajear dicho evento.<\/strong><\/p>\n<p>La iniciativa fue propuesta por la Escuela Especial N\u00b0 2061 para Sordos e Hipoac\u00fasicos de Avellaneda.<\/p>\n","protected":false},"excerpt":{"rendered":"<p>En el marco del D\u00eda Nacional de las Personas Sordas el edificio de la Municipalidad de Vera se ilumin\u00f3 de azul, color elegido por la Federaci\u00f3n Mundial para homenajear dicho evento. La iniciativa fue propuesta por la Escuela Especial N\u00b0 2061 para Sordos e Hipoac\u00fasicos de Avellaneda.<\/p>\n","protected":false},"author":3,"featured_media":40225,"comment_status":"closed","ping_status":"closed","sticky":false,"template":"","format":"standard","meta":{"_joinchat":[],"footnotes":""},"categories":[53],"tags":[],"class_list":{"0":"post-40224","1":"post","2":"type-post","3":"status-publish","4":"format-standard","5":"has-post-thumbnail","7":"category-vera"},"_links":{"self":[{"href":"https:\/\/infovera.com.ar\/web\/wp-json\/wp\/v2\/posts\/40224","targetHints":{"allow":["GET"]}}],"collection":[{"href":"https:\/\/infovera.com.ar\/web\/wp-json\/wp\/v2\/posts"}],"about":[{"href":"https:\/\/infovera.com.ar\/web\/wp-json\/wp\/v2\/types\/post"}],"author":[{"embeddable":true,"href":"https:\/\/infovera.com.ar\/web\/wp-json\/wp\/v2\/users\/3"}],"replies":[{"embeddable":true,"href":"https:\/\/infovera.com.ar\/web\/wp-json\/wp\/v2\/comments?post=40224"}],"version-history":[{"count":0,"href":"https:\/\/infovera.com.ar\/web\/wp-json\/wp\/v2\/posts\/40224\/revisions"}],"wp:featuredmedia":[{"embeddable":true,"href":"https:\/\/infovera.com.ar\/web\/wp-json\/wp\/v2\/media\/40225"}],"wp:attachment":[{"href":"https:\/\/infovera.com.ar\/web\/wp-json\/wp\/v2\/media?parent=40224"}],"wp:term":[{"taxonomy":"category","embeddable":true,"href":"https:\/\/infovera.com.ar\/web\/wp-json\/wp\/v2\/categories?post=40224"},{"taxonomy":"post_tag","embeddable":true,"href":"https:\/\/infovera.com.ar\/web\/wp-json\/wp\/v2\/tags?post=40224"}],"curies":[{"name":"wp","href":"https:\/\/api.w.org\/{rel}","templated":true}]}}