{"id":40211,"date":"2022-09-20T08:30:48","date_gmt":"2022-09-20T11:30:48","guid":{"rendered":"https:\/\/infovera.com.ar\/web\/?p=40211"},"modified":"2022-09-20T13:44:31","modified_gmt":"2022-09-20T16:44:31","slug":"presentan-el-1-congreso-de-escuelas-rurales-de-la-cuna-boscosa","status":"publish","type":"post","link":"https:\/\/infovera.com.ar\/web\/2022\/09\/20\/presentan-el-1-congreso-de-escuelas-rurales-de-la-cuna-boscosa\/","title":{"rendered":"Presentan el 1\u00b0 Congreso de escuelas rurales de la Cu\u00f1a Boscosa"},"content":{"rendered":"<p><strong>Bajo el lema \u201cConstruir ciudadan\u00eda y arraigo, poniendo en valor nuestro bosque nativo.<\/strong><\/p>\n<p>El viernes 23 de septiembre, a las 9.30 en Casa del Bicentenario, se realizar\u00e1 la conferencia de presentaci\u00f3n.<\/p>\n<p>Organizan: INTA, Ministerio de Educaci\u00f3n a trav\u00e9s de la Regi\u00f3n II y Red de Escuelas Rurales de la Cu\u00f1a Boscosa.<\/p>\n<p>Este primer Congreso que se realizar\u00e1 el 19 de octubre en la Escuela N\u00b0 6.263 &#8220;Elina Jagou de Carl\u00e9n&#8221;, en el paraje rural KM 302 como resultado del trabajo en red de los docentes de la Cu\u00f1a Boscosa, acompa\u00f1adas por ambas instituciones.<\/p>\n<p>El Congreso ser\u00e1 escenario para tratar temas urgentes, como la conservaci\u00f3n del Bosque Nativo, la relaci\u00f3n de los habitantes de la regi\u00f3n con los recursos naturales, su uso y aprovechamiento. Tambi\u00e9n sobre c\u00f3mo ense\u00f1ar y aprender estos contenidos en \u00e1mbitos rurales. Participar\u00e1n del mismo personalidades referentes de la educaci\u00f3n.<\/p>\n","protected":false},"excerpt":{"rendered":"<p>Bajo el lema \u201cConstruir ciudadan\u00eda y arraigo, poniendo en valor nuestro bosque nativo. El viernes 23 de septiembre, a las 9.30 en Casa del Bicentenario, se realizar\u00e1 la conferencia de presentaci\u00f3n. Organizan: INTA, Ministerio de Educaci\u00f3n a trav\u00e9s de la Regi\u00f3n II y Red de Escuelas Rurales de la Cu\u00f1a Boscosa. Este primer Congreso que [&hellip;]<\/p>\n","protected":false},"author":3,"featured_media":40212,"comment_status":"closed","ping_status":"closed","sticky":false,"template":"","format":"standard","meta":{"_joinchat":[],"footnotes":""},"categories":[51],"tags":[],"class_list":{"0":"post-40211","1":"post","2":"type-post","3":"status-publish","4":"format-standard","5":"has-post-thumbnail","7":"category-locales"},"_links":{"self":[{"href":"https:\/\/infovera.com.ar\/web\/wp-json\/wp\/v2\/posts\/40211","targetHints":{"allow":["GET"]}}],"collection":[{"href":"https:\/\/infovera.com.ar\/web\/wp-json\/wp\/v2\/posts"}],"about":[{"href":"https:\/\/infovera.com.ar\/web\/wp-json\/wp\/v2\/types\/post"}],"author":[{"embeddable":true,"href":"https:\/\/infovera.com.ar\/web\/wp-json\/wp\/v2\/users\/3"}],"replies":[{"embeddable":true,"href":"https:\/\/infovera.com.ar\/web\/wp-json\/wp\/v2\/comments?post=40211"}],"version-history":[{"count":0,"href":"https:\/\/infovera.com.ar\/web\/wp-json\/wp\/v2\/posts\/40211\/revisions"}],"wp:featuredmedia":[{"embeddable":true,"href":"https:\/\/infovera.com.ar\/web\/wp-json\/wp\/v2\/media\/40212"}],"wp:attachment":[{"href":"https:\/\/infovera.com.ar\/web\/wp-json\/wp\/v2\/media?parent=40211"}],"wp:term":[{"taxonomy":"category","embeddable":true,"href":"https:\/\/infovera.com.ar\/web\/wp-json\/wp\/v2\/categories?post=40211"},{"taxonomy":"post_tag","embeddable":true,"href":"https:\/\/infovera.com.ar\/web\/wp-json\/wp\/v2\/tags?post=40211"}],"curies":[{"name":"wp","href":"https:\/\/api.w.org\/{rel}","templated":true}]}}