{"id":40196,"date":"2022-09-18T18:30:16","date_gmt":"2022-09-18T21:30:16","guid":{"rendered":"https:\/\/infovera.com.ar\/web\/?p=40196"},"modified":"2022-09-21T11:29:04","modified_gmt":"2022-09-21T14:29:04","slug":"intiyaco-la-policia-hallo-un-auto-incrustado-contra-un-puente-sin-su-conductor","status":"publish","type":"post","link":"https:\/\/infovera.com.ar\/web\/2022\/09\/18\/intiyaco-la-policia-hallo-un-auto-incrustado-contra-un-puente-sin-su-conductor\/","title":{"rendered":"Intiyaco: la polic\u00eda hall\u00f3 un auto incrustado contra un puente sin su conductor"},"content":{"rendered":"<p><strong>En la Ruta 3, a a unos 5 kil\u00f3metros al este de esta localidad.<\/strong><\/p>\n<p>Por causas que se tratan establecer, un autom\u00f3vil marca Renault Megane, de color verde agua, fue encontrado por numerarios policiales incrustado contra un puente.<\/p>\n<p>Arribados al lugar, los agentes constataron que el propietario del autom\u00f3vil no se encontraba en el lugar, de averiguaciones practicadas pudieron establecer que el conductor fue trasladado y asistido en el nosocomio de la localidad de Tartagal.<\/p>\n<p>Luego, pudo saberse que quien iba al volante fue identificado como Andr\u00e9s P\u00e9rez, quien en circunstancias de circular por la mencionada arteria de hacia el oeste, perdi\u00f3 el control del rodado, provocando la incrustaci\u00f3n en el puente.<\/p>\n","protected":false},"excerpt":{"rendered":"<p>En la Ruta 3, a a unos 5 kil\u00f3metros al este de esta localidad. Por causas que se tratan establecer, un autom\u00f3vil marca Renault Megane, de color verde agua, fue encontrado por numerarios policiales incrustado contra un puente. Arribados al lugar, los agentes constataron que el propietario del autom\u00f3vil no se encontraba en el lugar, [&hellip;]<\/p>\n","protected":false},"author":3,"featured_media":40197,"comment_status":"closed","ping_status":"closed","sticky":false,"template":"","format":"standard","meta":{"_joinchat":[],"footnotes":""},"categories":[51,30],"tags":[],"class_list":{"0":"post-40196","1":"post","2":"type-post","3":"status-publish","4":"format-standard","5":"has-post-thumbnail","7":"category-locales","8":"category-policiales"},"_links":{"self":[{"href":"https:\/\/infovera.com.ar\/web\/wp-json\/wp\/v2\/posts\/40196","targetHints":{"allow":["GET"]}}],"collection":[{"href":"https:\/\/infovera.com.ar\/web\/wp-json\/wp\/v2\/posts"}],"about":[{"href":"https:\/\/infovera.com.ar\/web\/wp-json\/wp\/v2\/types\/post"}],"author":[{"embeddable":true,"href":"https:\/\/infovera.com.ar\/web\/wp-json\/wp\/v2\/users\/3"}],"replies":[{"embeddable":true,"href":"https:\/\/infovera.com.ar\/web\/wp-json\/wp\/v2\/comments?post=40196"}],"version-history":[{"count":0,"href":"https:\/\/infovera.com.ar\/web\/wp-json\/wp\/v2\/posts\/40196\/revisions"}],"wp:featuredmedia":[{"embeddable":true,"href":"https:\/\/infovera.com.ar\/web\/wp-json\/wp\/v2\/media\/40197"}],"wp:attachment":[{"href":"https:\/\/infovera.com.ar\/web\/wp-json\/wp\/v2\/media?parent=40196"}],"wp:term":[{"taxonomy":"category","embeddable":true,"href":"https:\/\/infovera.com.ar\/web\/wp-json\/wp\/v2\/categories?post=40196"},{"taxonomy":"post_tag","embeddable":true,"href":"https:\/\/infovera.com.ar\/web\/wp-json\/wp\/v2\/tags?post=40196"}],"curies":[{"name":"wp","href":"https:\/\/api.w.org\/{rel}","templated":true}]}}