{"id":40102,"date":"2022-09-14T16:49:30","date_gmt":"2022-09-14T19:49:30","guid":{"rendered":"https:\/\/infovera.com.ar\/web\/?p=40102"},"modified":"2022-09-14T16:49:30","modified_gmt":"2022-09-14T19:49:30","slug":"los-juegos-santafesinos-comenzaron-su-etapa-final","status":"publish","type":"post","link":"https:\/\/infovera.com.ar\/web\/2022\/09\/14\/los-juegos-santafesinos-comenzaron-su-etapa-final\/","title":{"rendered":"Los Juegos Santafesinos comenzaron su etapa final"},"content":{"rendered":"<p><em>La provincia de Santa Fe ya comenz\u00f3 a definir su delegaci\u00f3n para los Juegos Nacionales Evita. M\u00e1s de 80.000 chicos y chicas participan este a\u00f1o de los Juegos Santafesinos, el programa que llevar\u00e1 1.000 j\u00f3venes a Mar del Plata en octubre.<\/em><\/p>\n<p>&nbsp;<\/p>\n<p>El Gobierno de la provincia, mediante el programa Juegos Santafesinos 2022 comenz\u00f3 a definir la delegaci\u00f3n de Santa Fe que participar\u00e1 en los Juegos Nacionales Evita, a desarrollarse en la ciudad de Mar del Plata desde el 24 hasta el 29 de octubre.<\/p>\n<p>La propuesta deportiva y educativa, que es implementada por los ministerios de Desarrollo Social y Educaci\u00f3n a trav\u00e9s de la Secretar\u00eda de Deportes y la Direcci\u00f3n Provincial de Educaci\u00f3n F\u00edsica, super\u00f3 en su presente edici\u00f3n las 80.000 inscripciones, y algunas disciplinas que ya transitaron las Etapas Locales, Departamentales y Regionales, llegaron a las Finales Provinciales y definieron equipos y deportistas para el certamen nacional que reunir\u00e1 a m\u00e1s de 20.000 participantes de toda Argentina.<\/p>\n<p>En este sentido, Levantamiento Ol\u00edmpico, Karate, Judo, Taekwondo, Canotaje, Gimnasia Art\u00edstica y R\u00edtmica, Trampol\u00edn, Optimist, Windsurf, Pat\u00edn Art\u00edstico, Pat\u00edn Carrera, Rugby, B\u00e1dminton, Skate, Tenis ingl\u00e9s, Beach Voley, Acuatl\u00f3n, Boxeo, Esgrima, Tiro con Arco, Tiro Deportivo, Nataci\u00f3n Art\u00edstica, Beach Handball, Lucha y Lucha Grecorromana y Tenis de Mesa definieron a sus representantes. En tanto faltan concretarse las Finales Provinciales de Ciclismo, Nataci\u00f3n y Pelota paleta en las categor\u00edas vinculadas al deporte Federado, que son organizadas junto a las federaciones y asociaciones deportivas.<\/p>\n<p>Al respecto, la secretaria de Deportes Florencia Molinero resalt\u00f3 que \u201cla primera gran Final ser\u00e1 en el Club Provincial y algunas subsedes de la ciudad de Rosario, donde recibiremos m\u00e1s de 850 deportistas de toda Santa Fe, que representan a escuelas y clubes de los 19 Departamentos. Ser\u00e1n dos d\u00edas de mucha actividad deportiva, donde podremos disfrutar varias disciplinas que definen sus representantes para los Juegos Evita\u201d.<\/p>\n<p>\u201cAdem\u00e1s \u2013 continu\u00f3 Molinero &#8211; habr\u00e1 un \u00e1rea donde varios ministerios dentro del Gobierno de la Provincia, van a colaborar para que los deportistas que est\u00e9n en estos dos d\u00edas accedan por ejemplo a capacitaciones de g\u00e9nero y ambiente, programas provinciales como ATR Juventudes y Boleto Educativo Gratuito, entre otras iniciativas y programas que tiene el Gobierno destinado a los j\u00f3venes\u201d.<\/p>\n<p>\u201cRealmente nos enorgullece el trabajo conjunto con las federaciones, con los clubes, con las escuelas, con los docentes y el Ministerio de Educaci\u00f3n porque hemos caminado juntos este a\u00f1o para poder llegar a estas instancias finales, donde celebramos el deporte, la sana competencia, y el desarrollo deportivo de nuestros chicos y chicas, que ahora conocen y crecen con los valores del deporte&#8221;, finaliz\u00f3 Molinero.<\/p>\n<p>&nbsp;<\/p>\n<p>LAS PR\u00d3XIMAS FIESTAS DEPORTIVAS<\/p>\n<p>En el marco de la conformaci\u00f3n de la delegaci\u00f3n santafesina que disputar\u00e1 los Juegos Nacionales Evita, este mi\u00e9rcoles 14 y jueves 15 de septiembre con sedes en la ciudad de Rosario, tendr\u00e1 lugar la primera gran Final Provincial, donde se convocaran deportistas de toda Santa Fe en: Atletismo convencional sub 17, Atletismo Adaptado Sub14, Futsal masculino sub14, Nataci\u00f3n Adaptada sub14, Handball sub16, Hockey y Cestoball sub14 y B\u00e1squet sub17. La iniciativa, adem\u00e1s de realizar las competencias deportivas, tendr\u00e1 actividades recreativas y l\u00fadicas para potenciar el encuentro y la convivencia, en esta oportunidad a desarrollarse en el Club Atl\u00e9tico Provincial.<\/p>\n<p>La siguiente fecha con gran masividad, ser\u00e1 la planificada entre el 19 y 20 de septiembre en la ciudad de Santa Fe para Atletismo Sub14, Atletismo Adaptado sub16 y sub18, F\u00fatbol 11 sub14, Futsal sub14 y sub16 femenino, B\u00e1squet 3&#215;3 sub14 y sub16, y v\u00f3ley sub17.<\/p>\n<p>Finalmente, el gran cierre de las Finales Provinciales de los Juegos Santafesinos tendr\u00e1 lugar en la ciudad de Santa Fe los d\u00edas 27 y 28 de septiembre para Hockey sub16, V\u00f3ley sub15, Handball sub14, F\u00fatbol 7 mixto sub14, Ajedrez mixto, B\u00e1squet 5&#215;5 sub15, F\u00fatbol 11 sub16 y los deportes en equipos que concentra el deporte para personas.<\/p>\n","protected":false},"excerpt":{"rendered":"<p>La provincia de Santa Fe ya comenz\u00f3 a definir su delegaci\u00f3n para los Juegos Nacionales Evita. M\u00e1s de 80.000 chicos y chicas participan este a\u00f1o de los Juegos Santafesinos, el programa que llevar\u00e1 1.000 j\u00f3venes a Mar del Plata en octubre. &nbsp; El Gobierno de la provincia, mediante el programa Juegos Santafesinos 2022 comenz\u00f3 a [&hellip;]<\/p>\n","protected":false},"author":3,"featured_media":40103,"comment_status":"closed","ping_status":"closed","sticky":false,"template":"","format":"standard","meta":{"_joinchat":[],"footnotes":""},"categories":[31,60],"tags":[],"class_list":{"0":"post-40102","1":"post","2":"type-post","3":"status-publish","4":"format-standard","5":"has-post-thumbnail","7":"category-deportes","8":"category-provinciales"},"_links":{"self":[{"href":"https:\/\/infovera.com.ar\/web\/wp-json\/wp\/v2\/posts\/40102","targetHints":{"allow":["GET"]}}],"collection":[{"href":"https:\/\/infovera.com.ar\/web\/wp-json\/wp\/v2\/posts"}],"about":[{"href":"https:\/\/infovera.com.ar\/web\/wp-json\/wp\/v2\/types\/post"}],"author":[{"embeddable":true,"href":"https:\/\/infovera.com.ar\/web\/wp-json\/wp\/v2\/users\/3"}],"replies":[{"embeddable":true,"href":"https:\/\/infovera.com.ar\/web\/wp-json\/wp\/v2\/comments?post=40102"}],"version-history":[{"count":0,"href":"https:\/\/infovera.com.ar\/web\/wp-json\/wp\/v2\/posts\/40102\/revisions"}],"wp:featuredmedia":[{"embeddable":true,"href":"https:\/\/infovera.com.ar\/web\/wp-json\/wp\/v2\/media\/40103"}],"wp:attachment":[{"href":"https:\/\/infovera.com.ar\/web\/wp-json\/wp\/v2\/media?parent=40102"}],"wp:term":[{"taxonomy":"category","embeddable":true,"href":"https:\/\/infovera.com.ar\/web\/wp-json\/wp\/v2\/categories?post=40102"},{"taxonomy":"post_tag","embeddable":true,"href":"https:\/\/infovera.com.ar\/web\/wp-json\/wp\/v2\/tags?post=40102"}],"curies":[{"name":"wp","href":"https:\/\/api.w.org\/{rel}","templated":true}]}}