{"id":40098,"date":"2022-09-14T14:20:03","date_gmt":"2022-09-14T17:20:03","guid":{"rendered":"https:\/\/infovera.com.ar\/web\/?p=40098"},"modified":"2022-09-14T14:20:03","modified_gmt":"2022-09-14T17:20:03","slug":"nuevo-grupo-electrogeno-en-la-toma-del-acueducto-reconquista","status":"publish","type":"post","link":"https:\/\/infovera.com.ar\/web\/2022\/09\/14\/nuevo-grupo-electrogeno-en-la-toma-del-acueducto-reconquista\/","title":{"rendered":"Nuevo grupo electr\u00f3geno en la toma del Acueducto Reconquista"},"content":{"rendered":"<p><strong>El sistema abastece a cerca de 190.000 habitantes del norte provincial. La inversi\u00f3n lograda a trav\u00e9s del Fondo Kuwait\u00ed para el Desarrollo es de 64,5 millones de pesos, aportados por el Gobierno de Santa Fe.<\/strong><\/p>\n<p>La provincia de Santa Fe, a trav\u00e9s de Aguas Santafesinas, est\u00e1 instalando un nuevo grupo electr\u00f3geno en la toma de agua cruda del r\u00edo que alimenta la planta potabilizadora del Acueducto Reconquista, sistema que abastece a cerca de 190.000 habitantes del norte provincial.<\/p>\n<p>Con cabecera en la ciudad del mismo nombre y operado por ASSA, el Acueducto Reconquista adem\u00e1s lleva este servicio esencial a las localidades de Avellaneda, Berna, Malabrigo, Vera, La Gallareta, Los Laureles, Lanteri, Las Garzas, Flor de Oro\u00a0y Guadalupe Norte.<\/p>\n<p>El equipo evitar\u00e1 que eventuales cortes de energ\u00eda interrumpan la captaci\u00f3n de agua del r\u00edo para potabilizar y estar\u00e1 en funcionamiento antes de la pr\u00f3xima temporada estival.<\/p>\n<p>Se pondr\u00e1 en marcha de forma autom\u00e1tica, ya que en caso de ser necesario ante la interrupci\u00f3n del suministro de electricidad, cuenta con una llave de transferencia autom\u00e1tica.<\/p>\n<p>La inversi\u00f3n lograda a trav\u00e9s del Fondo Kuwait\u00ed para el Desarrollo es de 64,5 millones de pesos, aportados por el Gobierno de Santa Fe mediante una ampliaci\u00f3n del monto de la obra a cargo de la uni\u00f3n transitoria Proyecci\u00f3n Electroluz-JRC.<\/p>\n<p><strong>CARACTER\u00cdSTICAS<\/strong><\/p>\n<p>Se trata de un equipo marca Palmer de 800 kva. de potencia, moderna unidad aut\u00f3noma e insonorizada.<\/p>\n<p>El grupo fue montado con la asistencia de una gr\u00faa de gran porte sobre una plataforma de hormig\u00f3n armado de 10 metros de largo por 5 metros de ancho, construida con este prop\u00f3sito, junto al cual se ubica un tanque de almacenamiento de combustible para su funcionamiento.<\/p>\n<p>Durante lo que resta de setiembre se completar\u00e1 la conexi\u00f3n del nuevo grupo con las instalaciones existentes, incluido el cableado de media tensi\u00f3n correspondiente.<\/p>\n","protected":false},"excerpt":{"rendered":"<p>El sistema abastece a cerca de 190.000 habitantes del norte provincial. La inversi\u00f3n lograda a trav\u00e9s del Fondo Kuwait\u00ed para el Desarrollo es de 64,5 millones de pesos, aportados por el Gobierno de Santa Fe. La provincia de Santa Fe, a trav\u00e9s de Aguas Santafesinas, est\u00e1 instalando un nuevo grupo electr\u00f3geno en la toma de [&hellip;]<\/p>\n","protected":false},"author":3,"featured_media":40099,"comment_status":"closed","ping_status":"closed","sticky":false,"template":"","format":"standard","meta":{"_joinchat":[],"footnotes":""},"categories":[55],"tags":[],"class_list":{"0":"post-40098","1":"post","2":"type-post","3":"status-publish","4":"format-standard","5":"has-post-thumbnail","7":"category-reconquista"},"_links":{"self":[{"href":"https:\/\/infovera.com.ar\/web\/wp-json\/wp\/v2\/posts\/40098","targetHints":{"allow":["GET"]}}],"collection":[{"href":"https:\/\/infovera.com.ar\/web\/wp-json\/wp\/v2\/posts"}],"about":[{"href":"https:\/\/infovera.com.ar\/web\/wp-json\/wp\/v2\/types\/post"}],"author":[{"embeddable":true,"href":"https:\/\/infovera.com.ar\/web\/wp-json\/wp\/v2\/users\/3"}],"replies":[{"embeddable":true,"href":"https:\/\/infovera.com.ar\/web\/wp-json\/wp\/v2\/comments?post=40098"}],"version-history":[{"count":0,"href":"https:\/\/infovera.com.ar\/web\/wp-json\/wp\/v2\/posts\/40098\/revisions"}],"wp:featuredmedia":[{"embeddable":true,"href":"https:\/\/infovera.com.ar\/web\/wp-json\/wp\/v2\/media\/40099"}],"wp:attachment":[{"href":"https:\/\/infovera.com.ar\/web\/wp-json\/wp\/v2\/media?parent=40098"}],"wp:term":[{"taxonomy":"category","embeddable":true,"href":"https:\/\/infovera.com.ar\/web\/wp-json\/wp\/v2\/categories?post=40098"},{"taxonomy":"post_tag","embeddable":true,"href":"https:\/\/infovera.com.ar\/web\/wp-json\/wp\/v2\/tags?post=40098"}],"curies":[{"name":"wp","href":"https:\/\/api.w.org\/{rel}","templated":true}]}}