{"id":40089,"date":"2022-09-14T14:13:20","date_gmt":"2022-09-14T17:13:20","guid":{"rendered":"https:\/\/infovera.com.ar\/web\/?p=40089"},"modified":"2022-09-15T11:48:25","modified_gmt":"2022-09-15T14:48:25","slug":"la-guardia-rural-los-pumas-conmemoro-el-61o-aniversario-de-su-creacion","status":"publish","type":"post","link":"https:\/\/infovera.com.ar\/web\/2022\/09\/14\/la-guardia-rural-los-pumas-conmemoro-el-61o-aniversario-de-su-creacion\/","title":{"rendered":"La Guardia Rural &#8220;Los Pumas&#8221; conmemor\u00f3 el 61\u00ba aniversario de su creaci\u00f3n"},"content":{"rendered":"<p><strong>El acto central tuvo lugar en el cuartel de Santa Felicia.<\/strong><\/p>\n<p>El secretario de Seguridad P\u00fablica, Claudio Brilloni, encabez\u00f3 la ceremonia y trajo el saludo del gobernador Omar Perotti y del ministro Rub\u00e9n Rimoldi.<\/p>\n<p>Junto al director de la fuerza Adri\u00e1n Roland, al senador Osvaldo Sosa y a la intendente Paula Mitre, el funcionario comparti\u00f3 el palco principal desde donde ofreci\u00f3 su mensaje.<\/p>\n<div class=\"wp-playlist wp-audio-playlist wp-playlist-light\">\n\t\t\t<div class=\"wp-playlist-current-item\"><\/div>\n\t\t<audio controls=\"controls\" preload=\"none\" width=\"674\"\n\t\t\t><\/audio>\n\t<div class=\"wp-playlist-next\"><\/div>\n\t<div class=\"wp-playlist-prev\"><\/div>\n\t<noscript>\n\t<ol>\n\t\t<li><a href='https:\/\/infovera.com.ar\/web\/wp-content\/uploads\/2022\/09\/Discurso-del-secretario-de-Seguridad-Publica-Claudio-Brilloni-online-audio-converter.com_.ogg'>Discurso del secretario de Seguridad P\u00fablica, Claudio Brilloni (online-audio-converter.com)<\/a><\/li>\t<\/ol>\n\t<\/noscript>\n\t<script type=\"application\/json\" class=\"wp-playlist-script\">{\"type\":\"audio\",\"tracklist\":true,\"tracknumbers\":true,\"images\":true,\"artists\":true,\"tracks\":[{\"src\":\"https:\/\/infovera.com.ar\/web\/wp-content\/uploads\/2022\/09\/Discurso-del-secretario-de-Seguridad-Publica-Claudio-Brilloni-online-audio-converter.com_.ogg\",\"type\":\"audio\/ogg\",\"title\":\"Discurso del secretario de Seguridad P\\u00fablica, Claudio Brilloni (online-audio-converter.com)\",\"caption\":\"\",\"description\":\"\\\"Discurso del secretario de Seguridad P\\u00fablica, Claudio Brilloni (online-audio-converter.com)\\\".\",\"meta\":{\"length_formatted\":\"3:34\"},\"image\":{\"src\":\"https:\/\/infovera.com.ar\/web\/wp-includes\/images\/media\/audio.svg\",\"width\":48,\"height\":64},\"thumb\":{\"src\":\"https:\/\/infovera.com.ar\/web\/wp-includes\/images\/media\/audio.svg\",\"width\":48,\"height\":64}}]}<\/script>\n<\/div>\n\t\n<p>Luego, el titular de la fuerza rural brind\u00f3 su alocuci\u00f3n en la que destac\u00f3 el trabajo de Los Pumas.<\/p>\n<div class=\"wp-playlist wp-audio-playlist wp-playlist-light\">\n\t\t\t<div class=\"wp-playlist-current-item\"><\/div>\n\t\t<audio controls=\"controls\" preload=\"none\" width=\"674\"\n\t\t\t><\/audio>\n\t<div class=\"wp-playlist-next\"><\/div>\n\t<div class=\"wp-playlist-prev\"><\/div>\n\t<noscript>\n\t<ol>\n\t\t<li><a href='https:\/\/infovera.com.ar\/web\/wp-content\/uploads\/2022\/09\/Discurso-del-director-de-Los-Pumas-Adrian-Roland-online-audio-converter.com_.ogg'>Discurso del director de Los Pumas, Adri\u00e1n Roland (online-audio-converter.com)<\/a><\/li>\t<\/ol>\n\t<\/noscript>\n\t<script type=\"application\/json\" class=\"wp-playlist-script\">{\"type\":\"audio\",\"tracklist\":true,\"tracknumbers\":true,\"images\":true,\"artists\":true,\"tracks\":[{\"src\":\"https:\/\/infovera.com.ar\/web\/wp-content\/uploads\/2022\/09\/Discurso-del-director-de-Los-Pumas-Adrian-Roland-online-audio-converter.com_.ogg\",\"type\":\"audio\/ogg\",\"title\":\"Discurso del director de Los Pumas, Adri\\u00e1n Roland (online-audio-converter.com)\",\"caption\":\"\",\"description\":\"\\\"Discurso del director de Los Pumas, Adri\\u00e1n Roland (online-audio-converter.com)\\\".\",\"meta\":{\"length_formatted\":\"6:00\"},\"image\":{\"src\":\"https:\/\/infovera.com.ar\/web\/wp-includes\/images\/media\/audio.svg\",\"width\":48,\"height\":64},\"thumb\":{\"src\":\"https:\/\/infovera.com.ar\/web\/wp-includes\/images\/media\/audio.svg\",\"width\":48,\"height\":64}}]}<\/script>\n<\/div>\n\t\n<p>DATOS<\/p>\n<p>&gt;&gt; La Guardia Rural Los Pumas fue la primera Polic\u00eda en su tipo creada en Sudam\u00e9rica a trav\u00e9s de los decretos N\u00b01080\/60 y N\u00b08424\/61.<\/p>\n<p>&gt;&gt; Tiene como objetivo prevenir la sustracci\u00f3n de animales vacunos y preservar el valor de los bienes en las zonas rurales y de islas, como as\u00ed tambi\u00e9n colaborar en la preservaci\u00f3n de la flora y fauna.<\/p>\n<blockquote><p>&gt; Los Pumas colaboran con tareas de protecci\u00f3n civil cuando las circunstancias lo requieren.<\/p><\/blockquote>\n<p><a href=\"https:\/\/infovera.com.ar\/web\/wp-content\/uploads\/2022\/09\/pumas.jpg\"><img loading=\"lazy\" decoding=\"async\" class=\"alignleft size-full wp-image-40095\" src=\"https:\/\/infovera.com.ar\/web\/wp-content\/uploads\/2022\/09\/pumas.jpg\" alt=\"\" width=\"1600\" height=\"1200\" srcset=\"https:\/\/infovera.com.ar\/web\/wp-content\/uploads\/2022\/09\/pumas.jpg 1600w, https:\/\/infovera.com.ar\/web\/wp-content\/uploads\/2022\/09\/pumas-80x60.jpg 80w, https:\/\/infovera.com.ar\/web\/wp-content\/uploads\/2022\/09\/pumas-265x198.jpg 265w, https:\/\/infovera.com.ar\/web\/wp-content\/uploads\/2022\/09\/pumas-696x522.jpg 696w, https:\/\/infovera.com.ar\/web\/wp-content\/uploads\/2022\/09\/pumas-1068x801.jpg 1068w, https:\/\/infovera.com.ar\/web\/wp-content\/uploads\/2022\/09\/pumas-560x420.jpg 560w\" sizes=\"auto, (max-width: 1600px) 100vw, 1600px\" \/><\/a><\/p>\n","protected":false},"excerpt":{"rendered":"<p>El acto central tuvo lugar en el cuartel de Santa Felicia. El secretario de Seguridad P\u00fablica, Claudio Brilloni, encabez\u00f3 la ceremonia y trajo el saludo del gobernador Omar Perotti y del ministro Rub\u00e9n Rimoldi. Junto al director de la fuerza Adri\u00e1n Roland, al senador Osvaldo Sosa y a la intendente Paula Mitre, el funcionario comparti\u00f3 [&hellip;]<\/p>\n","protected":false},"author":3,"featured_media":40094,"comment_status":"closed","ping_status":"closed","sticky":false,"template":"","format":"standard","meta":{"_joinchat":[],"footnotes":""},"categories":[53],"tags":[],"class_list":{"0":"post-40089","1":"post","2":"type-post","3":"status-publish","4":"format-standard","5":"has-post-thumbnail","7":"category-vera"},"_links":{"self":[{"href":"https:\/\/infovera.com.ar\/web\/wp-json\/wp\/v2\/posts\/40089","targetHints":{"allow":["GET"]}}],"collection":[{"href":"https:\/\/infovera.com.ar\/web\/wp-json\/wp\/v2\/posts"}],"about":[{"href":"https:\/\/infovera.com.ar\/web\/wp-json\/wp\/v2\/types\/post"}],"author":[{"embeddable":true,"href":"https:\/\/infovera.com.ar\/web\/wp-json\/wp\/v2\/users\/3"}],"replies":[{"embeddable":true,"href":"https:\/\/infovera.com.ar\/web\/wp-json\/wp\/v2\/comments?post=40089"}],"version-history":[{"count":0,"href":"https:\/\/infovera.com.ar\/web\/wp-json\/wp\/v2\/posts\/40089\/revisions"}],"wp:featuredmedia":[{"embeddable":true,"href":"https:\/\/infovera.com.ar\/web\/wp-json\/wp\/v2\/media\/40094"}],"wp:attachment":[{"href":"https:\/\/infovera.com.ar\/web\/wp-json\/wp\/v2\/media?parent=40089"}],"wp:term":[{"taxonomy":"category","embeddable":true,"href":"https:\/\/infovera.com.ar\/web\/wp-json\/wp\/v2\/categories?post=40089"},{"taxonomy":"post_tag","embeddable":true,"href":"https:\/\/infovera.com.ar\/web\/wp-json\/wp\/v2\/tags?post=40089"}],"curies":[{"name":"wp","href":"https:\/\/api.w.org\/{rel}","templated":true}]}}