{"id":40053,"date":"2022-09-13T17:59:38","date_gmt":"2022-09-13T20:59:38","guid":{"rendered":"https:\/\/infovera.com.ar\/web\/?p=40053"},"modified":"2022-09-14T21:36:10","modified_gmt":"2022-09-15T00:36:10","slug":"santa-fe-declaro-la-emergencia-vial-para-la-ruta-nacional-11","status":"publish","type":"post","link":"https:\/\/infovera.com.ar\/web\/2022\/09\/13\/santa-fe-declaro-la-emergencia-vial-para-la-ruta-nacional-11\/","title":{"rendered":"Santa Fe declar\u00f3 la emergencia vial para la Ruta Nacional 11"},"content":{"rendered":"<p><strong>Diputados complet\u00f3 la sanci\u00f3n iniciada en el Senado. Es en el trayecto entre Candioti y Florencia. Se\u00f1alan el deterioro a diario de la carpeta asf\u00e1ltica. La norma como llamado de atenci\u00f3n a los responsables nacionales de modificar la situaci\u00f3n.<\/strong><\/p>\n<p>La Legislatura santafesina dict\u00f3 una ley declarando &#8220;la emergencia vial de la Ruta Nacional N 11 en todo el recorrido perteneciente a la provincia de Santa Fe, durante seis meses, prorrogable por id\u00e9ntico per\u00edodo en caso de no concretarse obras de mantenimiento y reparaci\u00f3n de su traza&#8221;.<\/p>\n<p>La norma fue votada por unanimidad en la \u00faltima sesi\u00f3n de la C\u00e1mara que baj\u00f3 al recinto los despachos de las respectivas comisiones que hab\u00edan considerado el texto aprobado oportunamente el Senado a instancias de Rodrigo Borla (UCR &#8211; San Justo). &#8220;La ley no resuelve el problema de fondo pero estamos visibilizando el tema y con otras medidas que se est\u00e1n llevando adelante se va a contribuir a que se escuche el reclamo&#8221;, admiti\u00f3 el diputado Fabi\u00e1n Bastia (UCR &#8211; Evoluci\u00f3n) en el recinto de la C\u00e1mara Baja.<\/p>\n<p>&#8220;Durante la emergencia vial todos los organismos del Estado Provincial con incumbencia en materia de tr\u00e1nsito y seguridad vial deben coordinar con la Agencia Provincial de Seguridad Vial y el Consejo Provincial de Seguridad Vial acciones conjuntas tendientes a intensificar las campa\u00f1as de prevenci\u00f3n de los siniestros de tr\u00e1nsito, y difundir la m\u00e1s amplia informaci\u00f3n que contribuya a la concientizaci\u00f3n de la poblaci\u00f3n&#8221; reza el art\u00edculo 2 del texto girado al Poder Ejecutivo para su promulgaci\u00f3n.<\/p>\n<p>La norma adem\u00e1s dispone una serie de medidas para que cumplan los organismos involucrados como desarrollar en forma rigurosa todas las acciones positivas ordinarias y extraordinarias que les competan, con miras al cumplimiento estricto de la normativa vigente por parte de la totalidad de la poblaci\u00f3n que circula por la Ruta Nacional N\u00ba 11; incrementar la cantidad, intensidad, calidad y efectividad de los controles de la circulaci\u00f3n vehicular en el tramo de la Ruta 11 correspondiente al territorio provincial; y, remitir mensualmente a la Agencia Provincial de Seguridad Vial un informe acerca de los operativos ordinarios o extraordinarios realizados, personal afectado a los mismos, lugar en que se efect\u00faan y toda otra informaci\u00f3n relevante.<\/p>\n<p>En el \u00faltimo art\u00edculo se dispone comunicar la medida a los ministerios del Interior y de Obras P\u00fablicas as\u00ed como a la Direcci\u00f3n Nacional de Vialidad &#8220;a fin de que garanticen la realizaci\u00f3n de todas las obras viales necesarias para evitar siniestros viales y mejorar la seguridad vial&#8221;.<\/p>\n<p>Bastia no abund\u00f3 en datos del estado de situaci\u00f3n de la calzada &#8220;todos los que estamos aqu\u00ed conocemos que la ruta 11 tiene tramos pr\u00e1cticamente intransitables, con un estado de abandono importante que se agrava d\u00eda a d\u00eda. Hay muchas vidas perdidas, familias destruidas por accidentes generados por el mal estado de la carpeta asf\u00e1ltica&#8221;. El legislador radical -habitual usuario de esa ruta- record\u00f3 que desde 2008 se vienen haciendo foros y encuentros con la participaci\u00f3n de partidos pol\u00edticos, autoridades municipales y comunales pero tambi\u00e9n la sociedad civil. No lo mencion\u00f3 pero la semana anterior, la Juventud Radical del departamento San Justo marc\u00f3 con pintura amarilla baches e irregularidades en el pavimento en todo el trayecto por esa zona.<\/p>\n<p>Record\u00f3 que en 2018 hubo un proyecto terminado para transformar la ruta en autopista desde Candioti (dpto La Capital) hasta la ciudad de San Justo y luego repavimentar el trayecto hasta Florencia en el dpto General Obligado, \u00faltimo tramo santafesino antes de ingresar la ruta a la provincia de Chaco.<\/p>\n<p>&#8220;Esperemos que esta ley con el acompa\u00f1amiento de ambas c\u00e1maras torne en prioritaria la ejecuci\u00f3n de trabajos en ese corredor. Sabemos que hay problemas en varias rutas nacionales que atraviesan la provincia, pero no tengo dudas que la peor situaci\u00f3n se observa en la 11&#8221;, concluy\u00f3.<\/p>\n<p>Fuente: El Litoral<\/p>\n","protected":false},"excerpt":{"rendered":"<p>Diputados complet\u00f3 la sanci\u00f3n iniciada en el Senado. Es en el trayecto entre Candioti y Florencia. Se\u00f1alan el deterioro a diario de la carpeta asf\u00e1ltica. La norma como llamado de atenci\u00f3n a los responsables nacionales de modificar la situaci\u00f3n. La Legislatura santafesina dict\u00f3 una ley declarando &#8220;la emergencia vial de la Ruta Nacional N 11 [&hellip;]<\/p>\n","protected":false},"author":3,"featured_media":40055,"comment_status":"closed","ping_status":"closed","sticky":false,"template":"","format":"standard","meta":{"_joinchat":[],"footnotes":""},"categories":[60],"tags":[],"class_list":{"0":"post-40053","1":"post","2":"type-post","3":"status-publish","4":"format-standard","5":"has-post-thumbnail","7":"category-provinciales"},"_links":{"self":[{"href":"https:\/\/infovera.com.ar\/web\/wp-json\/wp\/v2\/posts\/40053","targetHints":{"allow":["GET"]}}],"collection":[{"href":"https:\/\/infovera.com.ar\/web\/wp-json\/wp\/v2\/posts"}],"about":[{"href":"https:\/\/infovera.com.ar\/web\/wp-json\/wp\/v2\/types\/post"}],"author":[{"embeddable":true,"href":"https:\/\/infovera.com.ar\/web\/wp-json\/wp\/v2\/users\/3"}],"replies":[{"embeddable":true,"href":"https:\/\/infovera.com.ar\/web\/wp-json\/wp\/v2\/comments?post=40053"}],"version-history":[{"count":0,"href":"https:\/\/infovera.com.ar\/web\/wp-json\/wp\/v2\/posts\/40053\/revisions"}],"wp:featuredmedia":[{"embeddable":true,"href":"https:\/\/infovera.com.ar\/web\/wp-json\/wp\/v2\/media\/40055"}],"wp:attachment":[{"href":"https:\/\/infovera.com.ar\/web\/wp-json\/wp\/v2\/media?parent=40053"}],"wp:term":[{"taxonomy":"category","embeddable":true,"href":"https:\/\/infovera.com.ar\/web\/wp-json\/wp\/v2\/categories?post=40053"},{"taxonomy":"post_tag","embeddable":true,"href":"https:\/\/infovera.com.ar\/web\/wp-json\/wp\/v2\/tags?post=40053"}],"curies":[{"name":"wp","href":"https:\/\/api.w.org\/{rel}","templated":true}]}}