{"id":40017,"date":"2022-09-12T17:47:08","date_gmt":"2022-09-12T20:47:08","guid":{"rendered":"https:\/\/infovera.com.ar\/web\/?p=40017"},"modified":"2022-09-12T17:47:08","modified_gmt":"2022-09-12T20:47:08","slug":"el-gobierno-provincial-ofrecio-un-20-para-septiembre-aumentos-escalonados-y-revision-en-diciembre","status":"publish","type":"post","link":"https:\/\/infovera.com.ar\/web\/2022\/09\/12\/el-gobierno-provincial-ofrecio-un-20-para-septiembre-aumentos-escalonados-y-revision-en-diciembre\/","title":{"rendered":"El gobierno provincial ofreci\u00f3 un 20% para septiembre, aumentos escalonados y revisi\u00f3n en diciembre"},"content":{"rendered":"<p><strong>\u201cSalimos con buen \u00e1nimo\u201d dijo Jorge Hoffmann (ATE). Por su parte, Jorge Molina (UPCN) consider\u00f3 que es una propuesta \u201ctransmisible\u201d para los empleados estatales provinciales. El ministro Pusineri dijo espera un &#8220;acuerdo corto&#8221; y habl\u00f3 sobre la modalidad de &#8220;recupero&#8221; de los d\u00edas de paro.<\/strong><\/p>\n<p>\u201cSalimos con buen \u00e1nimo\u201d, dijo a la prensa Jorge Hoffmann, Secretario General de ATE, tras la reuni\u00f3n, y cedi\u00f3 la palabra a su par de UPCN, Jorge Molina, quien explic\u00f3 que tras un tiempo de di\u00e1logo con el Gobierno, se lleg\u00f3 a una propuesta salarial \u201cconsiderable\u201d: \u201cEs una propuesta transmisible para nuestros afiliados, que consiste en un replanteo para el mes de septiembre del 8% previsto a un 20%, un 7% para el mes de octubre y un 7% para noviembre, un 5% para diciembre con cl\u00e1usula de revisi\u00f3n que implica evaluar la evoluci\u00f3n del salario respecto de la inflaci\u00f3n\u201d. \u201cImplica una garant\u00eda en ese aspecto que nos permite llevar tranquilidad y previsibilidad a los trabajadores\u201d, agreg\u00f3.<\/p>\n<p>\u201cVamos a tener un d\u00eda entero, el martes a primera hora con esta informaci\u00f3n vamos a hacer la reuni\u00f3n de comisi\u00f3n directiva con los comandos zonales y los cuerpos delegados sectoriales y a partir del mediod\u00eda los compa\u00f1eros van a votar, hasta las 12 del mi\u00e9rcoles, y en el caso de UPCN ah\u00ed tendremos la resoluci\u00f3n\u201d, adelant\u00f3 Molina.<\/p>\n<p>En el caso de ATE, seg\u00fan explic\u00f3 Hoffmann, el martes se someter\u00e1 a consideraci\u00f3n, se discutir\u00e1 en los lugares de trabajo y el mi\u00e9rcoles al mediod\u00eda tendr\u00e1n la decisi\u00f3n, por la aceptaci\u00f3n o no. \u201cPero es una propuesta que amerita ser puesta en consideraci\u00f3n\u201d, insisti\u00f3.<\/p>\n<p>El ministro de Trabajo, Juan Manuel Pusineri, explic\u00f3 por su parte la modalidad para el \u201crecupero\u201d de los d\u00edas de paro durante las medidas de fuerza que incluye la oferta oficial, sobre todo en las \u00e1reas de salud o los registros que funcionan con el otorgamiento de turnos previos. \u201cLas modalidades est\u00e1n abiertas, pero seguramente una de ellas pueda consistir en el otorgamiento de mayor cantidad de turnos en cada \u00e1rea para achicar los plazos de la reprogramaci\u00f3n original vinculada a la no prestaci\u00f3n de servicios en esos d\u00edas.<\/p>\n<p>\u201cDecimos que estamos en presencia de un acuerdo corto, porque va a tener una revisi\u00f3n la primera semana de diciembre; yo creo que es una buena propuesta\u201d, consider\u00f3 el funcionario.<\/p>\n<p>Fuente: El Litoral<\/p>\n","protected":false},"excerpt":{"rendered":"<p>\u201cSalimos con buen \u00e1nimo\u201d dijo Jorge Hoffmann (ATE). Por su parte, Jorge Molina (UPCN) consider\u00f3 que es una propuesta \u201ctransmisible\u201d para los empleados estatales provinciales. El ministro Pusineri dijo espera un &#8220;acuerdo corto&#8221; y habl\u00f3 sobre la modalidad de &#8220;recupero&#8221; de los d\u00edas de paro. \u201cSalimos con buen \u00e1nimo\u201d, dijo a la prensa Jorge Hoffmann, [&hellip;]<\/p>\n","protected":false},"author":3,"featured_media":40019,"comment_status":"closed","ping_status":"closed","sticky":false,"template":"","format":"standard","meta":{"_joinchat":[],"footnotes":""},"categories":[66,60],"tags":[],"class_list":{"0":"post-40017","1":"post","2":"type-post","3":"status-publish","4":"format-standard","5":"has-post-thumbnail","7":"category-politica","8":"category-provinciales"},"_links":{"self":[{"href":"https:\/\/infovera.com.ar\/web\/wp-json\/wp\/v2\/posts\/40017","targetHints":{"allow":["GET"]}}],"collection":[{"href":"https:\/\/infovera.com.ar\/web\/wp-json\/wp\/v2\/posts"}],"about":[{"href":"https:\/\/infovera.com.ar\/web\/wp-json\/wp\/v2\/types\/post"}],"author":[{"embeddable":true,"href":"https:\/\/infovera.com.ar\/web\/wp-json\/wp\/v2\/users\/3"}],"replies":[{"embeddable":true,"href":"https:\/\/infovera.com.ar\/web\/wp-json\/wp\/v2\/comments?post=40017"}],"version-history":[{"count":0,"href":"https:\/\/infovera.com.ar\/web\/wp-json\/wp\/v2\/posts\/40017\/revisions"}],"wp:featuredmedia":[{"embeddable":true,"href":"https:\/\/infovera.com.ar\/web\/wp-json\/wp\/v2\/media\/40019"}],"wp:attachment":[{"href":"https:\/\/infovera.com.ar\/web\/wp-json\/wp\/v2\/media?parent=40017"}],"wp:term":[{"taxonomy":"category","embeddable":true,"href":"https:\/\/infovera.com.ar\/web\/wp-json\/wp\/v2\/categories?post=40017"},{"taxonomy":"post_tag","embeddable":true,"href":"https:\/\/infovera.com.ar\/web\/wp-json\/wp\/v2\/tags?post=40017"}],"curies":[{"name":"wp","href":"https:\/\/api.w.org\/{rel}","templated":true}]}}