{"id":40005,"date":"2022-09-12T12:28:26","date_gmt":"2022-09-12T15:28:26","guid":{"rendered":"https:\/\/infovera.com.ar\/web\/?p=40005"},"modified":"2022-09-13T14:18:35","modified_gmt":"2022-09-13T17:18:35","slug":"con-el-verense-tomas-chapero-entre-sus-integrantes-la-seleccion-argentina-se-consagro-en-la-americup","status":"publish","type":"post","link":"https:\/\/infovera.com.ar\/web\/2022\/09\/12\/con-el-verense-tomas-chapero-entre-sus-integrantes-la-seleccion-argentina-se-consagro-en-la-americup\/","title":{"rendered":"Con el verense Tom\u00e1s Chapero entre sus integrantes, la Selecci\u00f3n Argentina se consagr\u00f3 campeona de la Americup"},"content":{"rendered":"<p><strong>La Selecci\u00f3n Argentina le gan\u00f3 a Brasil en Recife y se consagr\u00f3 campe\u00f3n de la AmeriCup 2022.<\/strong><\/p>\n<p>Tras vencer a Estados Unidos en semis, el equipo de Prigioni venci\u00f3 75-73 a su cl\u00e1sico<br \/>\nsudamericano y es el nuevo campe\u00f3n de la AmeriCup.<\/p>\n<p>El equipo estuvo integrado por Fjellerup M\u00e1ximo, Campazzo Facundo, Laprovittola Nicol\u00e1s, Brussino Nicol\u00e1s, Delfino Carlos, Vildoza Jos\u00e9, Del\u00eda Marcos, Deck Gabriel, Vaulet Juan Pablo, Chapero Tom\u00e1s, Bolmaro Leandro y Tayavek Gallizi.<\/p>\n<p>Tomi, con 21 a\u00f1os, fue el m\u00e1s joven de los integrantes de la lista. El jugador surgido del C\u00edrculo Recreativo Vera levant\u00f3, junto a sus compa\u00f1eros, el trofeo continental.<\/p>\n<p><a href=\"https:\/\/infovera.com.ar\/web\/wp-content\/uploads\/2022\/09\/cup.jpg\"><img loading=\"lazy\" decoding=\"async\" class=\"alignleft size-full wp-image-40006\" src=\"https:\/\/infovera.com.ar\/web\/wp-content\/uploads\/2022\/09\/cup.jpg\" alt=\"\" width=\"768\" height=\"500\" srcset=\"https:\/\/infovera.com.ar\/web\/wp-content\/uploads\/2022\/09\/cup.jpg 768w, https:\/\/infovera.com.ar\/web\/wp-content\/uploads\/2022\/09\/cup-696x453.jpg 696w, https:\/\/infovera.com.ar\/web\/wp-content\/uploads\/2022\/09\/cup-645x420.jpg 645w\" sizes=\"auto, (max-width: 768px) 100vw, 768px\" \/><\/a><\/p>\n","protected":false},"excerpt":{"rendered":"<p>La Selecci\u00f3n Argentina le gan\u00f3 a Brasil en Recife y se consagr\u00f3 campe\u00f3n de la AmeriCup 2022. Tras vencer a Estados Unidos en semis, el equipo de Prigioni venci\u00f3 75-73 a su cl\u00e1sico sudamericano y es el nuevo campe\u00f3n de la AmeriCup. El equipo estuvo integrado por Fjellerup M\u00e1ximo, Campazzo Facundo, Laprovittola Nicol\u00e1s, Brussino Nicol\u00e1s, [&hellip;]<\/p>\n","protected":false},"author":3,"featured_media":40007,"comment_status":"closed","ping_status":"closed","sticky":false,"template":"","format":"standard","meta":{"_joinchat":[],"footnotes":""},"categories":[31,53],"tags":[],"class_list":{"0":"post-40005","1":"post","2":"type-post","3":"status-publish","4":"format-standard","5":"has-post-thumbnail","7":"category-deportes","8":"category-vera"},"_links":{"self":[{"href":"https:\/\/infovera.com.ar\/web\/wp-json\/wp\/v2\/posts\/40005","targetHints":{"allow":["GET"]}}],"collection":[{"href":"https:\/\/infovera.com.ar\/web\/wp-json\/wp\/v2\/posts"}],"about":[{"href":"https:\/\/infovera.com.ar\/web\/wp-json\/wp\/v2\/types\/post"}],"author":[{"embeddable":true,"href":"https:\/\/infovera.com.ar\/web\/wp-json\/wp\/v2\/users\/3"}],"replies":[{"embeddable":true,"href":"https:\/\/infovera.com.ar\/web\/wp-json\/wp\/v2\/comments?post=40005"}],"version-history":[{"count":0,"href":"https:\/\/infovera.com.ar\/web\/wp-json\/wp\/v2\/posts\/40005\/revisions"}],"wp:featuredmedia":[{"embeddable":true,"href":"https:\/\/infovera.com.ar\/web\/wp-json\/wp\/v2\/media\/40007"}],"wp:attachment":[{"href":"https:\/\/infovera.com.ar\/web\/wp-json\/wp\/v2\/media?parent=40005"}],"wp:term":[{"taxonomy":"category","embeddable":true,"href":"https:\/\/infovera.com.ar\/web\/wp-json\/wp\/v2\/categories?post=40005"},{"taxonomy":"post_tag","embeddable":true,"href":"https:\/\/infovera.com.ar\/web\/wp-json\/wp\/v2\/tags?post=40005"}],"curies":[{"name":"wp","href":"https:\/\/api.w.org\/{rel}","templated":true}]}}