{"id":39997,"date":"2022-09-12T11:43:19","date_gmt":"2022-09-12T14:43:19","guid":{"rendered":"https:\/\/infovera.com.ar\/web\/?p=39997"},"modified":"2022-09-13T09:20:03","modified_gmt":"2022-09-13T12:20:03","slug":"homenajearon-a-los-maestros-verenses-en-su-dia","status":"publish","type":"post","link":"https:\/\/infovera.com.ar\/web\/2022\/09\/12\/homenajearon-a-los-maestros-verenses-en-su-dia\/","title":{"rendered":"Homenajearon a los maestros verenses en su d\u00eda"},"content":{"rendered":"<p>La intendente Paula Mitre y el diputado Ariel Berm\u00fadez acompa\u00f1aron a Marita Wekid (AMSAFE) y Ver\u00f3nica Blanco (SADOP) en la colocaci\u00f3n de la ofrenda al pie del Monumento al Maestro, ubicado en la Plazoleta de la Cooperaci\u00f3n.<\/p>\n<p>Luego, en la Expovera, se sum\u00f3 la delegada seccional Nelcy Suligoy para recibir un reconocimiento a los maestros rurales.<\/p>\n<p>En esta oportunidad fue una plaqueta entregada por el presidente de la SRV, Dr. Sebasti\u00e1n Volkart y la intendente Paula Mitre.<\/p>\n","protected":false},"excerpt":{"rendered":"<p>La intendente Paula Mitre y el diputado Ariel Berm\u00fadez acompa\u00f1aron a Marita Wekid (AMSAFE) y Ver\u00f3nica Blanco (SADOP) en la colocaci\u00f3n de la ofrenda al pie del Monumento al Maestro, ubicado en la Plazoleta de la Cooperaci\u00f3n. Luego, en la Expovera, se sum\u00f3 la delegada seccional Nelcy Suligoy para recibir un reconocimiento a los maestros [&hellip;]<\/p>\n","protected":false},"author":3,"featured_media":40003,"comment_status":"closed","ping_status":"closed","sticky":false,"template":"","format":"standard","meta":{"_joinchat":[],"footnotes":""},"categories":[53],"tags":[],"class_list":{"0":"post-39997","1":"post","2":"type-post","3":"status-publish","4":"format-standard","5":"has-post-thumbnail","7":"category-vera"},"_links":{"self":[{"href":"https:\/\/infovera.com.ar\/web\/wp-json\/wp\/v2\/posts\/39997","targetHints":{"allow":["GET"]}}],"collection":[{"href":"https:\/\/infovera.com.ar\/web\/wp-json\/wp\/v2\/posts"}],"about":[{"href":"https:\/\/infovera.com.ar\/web\/wp-json\/wp\/v2\/types\/post"}],"author":[{"embeddable":true,"href":"https:\/\/infovera.com.ar\/web\/wp-json\/wp\/v2\/users\/3"}],"replies":[{"embeddable":true,"href":"https:\/\/infovera.com.ar\/web\/wp-json\/wp\/v2\/comments?post=39997"}],"version-history":[{"count":0,"href":"https:\/\/infovera.com.ar\/web\/wp-json\/wp\/v2\/posts\/39997\/revisions"}],"wp:featuredmedia":[{"embeddable":true,"href":"https:\/\/infovera.com.ar\/web\/wp-json\/wp\/v2\/media\/40003"}],"wp:attachment":[{"href":"https:\/\/infovera.com.ar\/web\/wp-json\/wp\/v2\/media?parent=39997"}],"wp:term":[{"taxonomy":"category","embeddable":true,"href":"https:\/\/infovera.com.ar\/web\/wp-json\/wp\/v2\/categories?post=39997"},{"taxonomy":"post_tag","embeddable":true,"href":"https:\/\/infovera.com.ar\/web\/wp-json\/wp\/v2\/tags?post=39997"}],"curies":[{"name":"wp","href":"https:\/\/api.w.org\/{rel}","templated":true}]}}