{"id":39964,"date":"2022-09-10T10:00:53","date_gmt":"2022-09-10T13:00:53","guid":{"rendered":"https:\/\/infovera.com.ar\/web\/?p=39964"},"modified":"2022-09-10T10:23:43","modified_gmt":"2022-09-10T13:23:43","slug":"la-provincia-convoco-a-mas-de-200-personas-para-una-jornada-ganadera-en-las-gamas","status":"publish","type":"post","link":"https:\/\/infovera.com.ar\/web\/2022\/09\/10\/la-provincia-convoco-a-mas-de-200-personas-para-una-jornada-ganadera-en-las-gamas\/","title":{"rendered":"La provincia convoc\u00f3 a m\u00e1s de 200 personas para una jornada ganadera en Las Gamas"},"content":{"rendered":"<p><strong>Cont\u00f3 con la participaci\u00f3n de productores, profesionales,\u00a0 t\u00e9cnicos y alumnos de diferentes entidades educativas.<\/strong><\/p>\n<p>En el marco del Programa Carnes Santafesinas, el Ministerio de Producci\u00f3n, Ciencia y Tecnolog\u00eda, a trav\u00e9s de la Secretar\u00eda de Agroalimentos, mantuvo una Jornada T\u00e9cnica y Demostrativa en el Centro Operativo y Experimental Las Gamas. La misma cont\u00f3 con gran convocatoria y participaci\u00f3n de productores, profesionales, t\u00e9cnicos y alumnos de diferentes entidades educativas de la zona y regi\u00f3n.<\/p>\n<p>La jornada inici\u00f3 con disertaciones sobre digesti\u00f3n y suplementaci\u00f3n de forraje de baja calidad, condiciones ambientales y del comportamiento animal y recursos disponibles. Adem\u00e1s, se mostraron resultados de un ensayo experimental y de medici\u00f3n del sistema de suplementaci\u00f3n estrat\u00e9gica en autoconsumo para la recr\u00eda de terneras y terneros en su primer invierno de vida a corral y, otro ensayo sobre pastizal helado de Setaria narok y pastizal natural en rotativo.<\/p>\n<p>Luego de la jornada, el director Provincial de Producci\u00f3n Pecuaria y Av\u00edcola, Pablo Fiore, detall\u00f3: &#8220;La suplementaci\u00f3n en sistemas de autoconsumo es una herramienta accesible, en algunos casos, de bajo a mediano costo de implementaci\u00f3n, con un alto impacto productivo en los sistemas ganaderos de la regi\u00f3n, generando buenas pr\u00e1cticas de manejo desde lo laboral y operativo\u201d.<\/p>\n<p>El funcionario provincial tambi\u00e9n destac\u00f3 \u201cla excelente articulaci\u00f3n interinstitucional entre el Ministerio de Producci\u00f3n, Ciencia y Tecnolog\u00eda, la Facultad de Ciencias Agrarias de la Universidad Cat\u00f3lica de Santa Fe, la Fundaci\u00f3n Las Gamas y el sector comercial privado, desde donde se ponen a disposici\u00f3n estas herramientas tecnol\u00f3gicas\u201d.<\/p>\n<p>Por su parte, la directora de la Facultad de Ciencias Veterinarias de la Universidad Cat\u00f3lica de Santa Fe sede en Reconquista, M\u00f3nica Berlanda, afirm\u00f3: \u201cEsta jornada super\u00f3 las expectativas, la verdad que la convocatoria fue muy prolija, hubo m\u00e1s de 220 inscriptos. Esta articulaci\u00f3n es clave para transformarnos en un bloque de acci\u00f3n, desde la universidad es muy importante demostrar que ense\u00f1amos pero que tambi\u00e9n investigamos y vinculamos\u201d.<\/p>\n","protected":false},"excerpt":{"rendered":"<p>Cont\u00f3 con la participaci\u00f3n de productores, profesionales,\u00a0 t\u00e9cnicos y alumnos de diferentes entidades educativas. En el marco del Programa Carnes Santafesinas, el Ministerio de Producci\u00f3n, Ciencia y Tecnolog\u00eda, a trav\u00e9s de la Secretar\u00eda de Agroalimentos, mantuvo una Jornada T\u00e9cnica y Demostrativa en el Centro Operativo y Experimental Las Gamas. La misma cont\u00f3 con gran convocatoria [&hellip;]<\/p>\n","protected":false},"author":3,"featured_media":39965,"comment_status":"closed","ping_status":"closed","sticky":false,"template":"","format":"standard","meta":{"_joinchat":[],"footnotes":""},"categories":[53],"tags":[],"class_list":{"0":"post-39964","1":"post","2":"type-post","3":"status-publish","4":"format-standard","5":"has-post-thumbnail","7":"category-vera"},"_links":{"self":[{"href":"https:\/\/infovera.com.ar\/web\/wp-json\/wp\/v2\/posts\/39964","targetHints":{"allow":["GET"]}}],"collection":[{"href":"https:\/\/infovera.com.ar\/web\/wp-json\/wp\/v2\/posts"}],"about":[{"href":"https:\/\/infovera.com.ar\/web\/wp-json\/wp\/v2\/types\/post"}],"author":[{"embeddable":true,"href":"https:\/\/infovera.com.ar\/web\/wp-json\/wp\/v2\/users\/3"}],"replies":[{"embeddable":true,"href":"https:\/\/infovera.com.ar\/web\/wp-json\/wp\/v2\/comments?post=39964"}],"version-history":[{"count":0,"href":"https:\/\/infovera.com.ar\/web\/wp-json\/wp\/v2\/posts\/39964\/revisions"}],"wp:featuredmedia":[{"embeddable":true,"href":"https:\/\/infovera.com.ar\/web\/wp-json\/wp\/v2\/media\/39965"}],"wp:attachment":[{"href":"https:\/\/infovera.com.ar\/web\/wp-json\/wp\/v2\/media?parent=39964"}],"wp:term":[{"taxonomy":"category","embeddable":true,"href":"https:\/\/infovera.com.ar\/web\/wp-json\/wp\/v2\/categories?post=39964"},{"taxonomy":"post_tag","embeddable":true,"href":"https:\/\/infovera.com.ar\/web\/wp-json\/wp\/v2\/tags?post=39964"}],"curies":[{"name":"wp","href":"https:\/\/api.w.org\/{rel}","templated":true}]}}