{"id":39960,"date":"2022-09-10T10:17:54","date_gmt":"2022-09-10T13:17:54","guid":{"rendered":"https:\/\/infovera.com.ar\/web\/?p=39960"},"modified":"2022-09-12T11:34:39","modified_gmt":"2022-09-12T14:34:39","slug":"la-igpj-autorizo-a-los-obreros-del-norte-a-funcionar-como-fuerza-viva-de-la-ciudad-de-vera","status":"publish","type":"post","link":"https:\/\/infovera.com.ar\/web\/2022\/09\/10\/la-igpj-autorizo-a-los-obreros-del-norte-a-funcionar-como-fuerza-viva-de-la-ciudad-de-vera\/","title":{"rendered":"La IGPJ autoriz\u00f3 a Los Obreros del Norte a volver funcionar como fuerza viva de la ciudad de Vera"},"content":{"rendered":"<p><strong>Mediante la Resoluci\u00f3n 1313 del\u00a029 de agosto 2022, la Inspecci\u00f3n General de Personas Jur\u00eddicas de la provincia autoriz\u00f3 a la centenaria instituci\u00f3n verense a volver a la vida activa como fuerza viva de la ciudad.<\/strong><\/p>\n<p>En el texto resolutivo, que lleva la firma de la directora provincial Silvia G\u00f3mez Sausela, el organismo que conduce consider\u00f3 primeramente que en las actuaciones la entidad denominada Asociaci\u00f3n Civil Centro Recreativo y Cultural Obreros del Norte, con domicilio en la localidad de Vera, solicit\u00f3 autorizaci\u00f3n para funcionar como persona jur\u00eddica y aprobaci\u00f3n de sus estatutos conforme lo dispuesto por el art\u00edculo 169 del C\u00f3digo Civil y Comercial, la ley provincial 6926 y la resoluci\u00f3n de la IGPJ 4\/2020.<\/p>\n<p>Adem\u00e1s, sopes\u00f3 que la inspecci\u00f3n de los autos efectuada por el Departamento de Asociaciones Civiles y Fundaciones ha comprobado el cumplimiento de los requisitos legales, y que la direcci\u00f3n general es competente para autorizar el funcionamiento de la entidad y aprobar los estatutos.<\/p>\n<p>Por lo tanto, la Directora General de Personas Jur\u00eddicas resolvi\u00f3 autorizar el funcionamiento como persona jur\u00eddica de la entidad denominada Asociaci\u00f3n Civil con Personer\u00eda Jur\u00eddica Centro Recreativo y Cultural Obreros del Norte, aprobar el texto de los estatutos e intimar a la entidad a que en el plazo de 30 d\u00edas presente para su r\u00fabrica los libros obligatorio.<\/p>\n<p>Estuvieron presentes en la sede de entidad al momento en que Marcos Iba\u00f1ez, gestor de la autorizaci\u00f3n, entreg\u00f3 la resoluci\u00f3n: el presidente de la Comisi\u00f3n Directiva Aldo &#8220;Bachicha&#8221; Armando, los abogados Sixto Gonz\u00e1lez, integrante de la CD, y Lidia Sosa Gerelli.<\/p>\n","protected":false},"excerpt":{"rendered":"<p>Mediante la Resoluci\u00f3n 1313 del\u00a029 de agosto 2022, la Inspecci\u00f3n General de Personas Jur\u00eddicas de la provincia autoriz\u00f3 a la centenaria instituci\u00f3n verense a volver a la vida activa como fuerza viva de la ciudad. En el texto resolutivo, que lleva la firma de la directora provincial Silvia G\u00f3mez Sausela, el organismo que conduce consider\u00f3 [&hellip;]<\/p>\n","protected":false},"author":3,"featured_media":39961,"comment_status":"closed","ping_status":"closed","sticky":false,"template":"","format":"standard","meta":{"_joinchat":[],"footnotes":""},"categories":[53],"tags":[],"class_list":{"0":"post-39960","1":"post","2":"type-post","3":"status-publish","4":"format-standard","5":"has-post-thumbnail","7":"category-vera"},"_links":{"self":[{"href":"https:\/\/infovera.com.ar\/web\/wp-json\/wp\/v2\/posts\/39960","targetHints":{"allow":["GET"]}}],"collection":[{"href":"https:\/\/infovera.com.ar\/web\/wp-json\/wp\/v2\/posts"}],"about":[{"href":"https:\/\/infovera.com.ar\/web\/wp-json\/wp\/v2\/types\/post"}],"author":[{"embeddable":true,"href":"https:\/\/infovera.com.ar\/web\/wp-json\/wp\/v2\/users\/3"}],"replies":[{"embeddable":true,"href":"https:\/\/infovera.com.ar\/web\/wp-json\/wp\/v2\/comments?post=39960"}],"version-history":[{"count":0,"href":"https:\/\/infovera.com.ar\/web\/wp-json\/wp\/v2\/posts\/39960\/revisions"}],"wp:featuredmedia":[{"embeddable":true,"href":"https:\/\/infovera.com.ar\/web\/wp-json\/wp\/v2\/media\/39961"}],"wp:attachment":[{"href":"https:\/\/infovera.com.ar\/web\/wp-json\/wp\/v2\/media?parent=39960"}],"wp:term":[{"taxonomy":"category","embeddable":true,"href":"https:\/\/infovera.com.ar\/web\/wp-json\/wp\/v2\/categories?post=39960"},{"taxonomy":"post_tag","embeddable":true,"href":"https:\/\/infovera.com.ar\/web\/wp-json\/wp\/v2\/tags?post=39960"}],"curies":[{"name":"wp","href":"https:\/\/api.w.org\/{rel}","templated":true}]}}