{"id":39905,"date":"2022-09-08T08:15:49","date_gmt":"2022-09-08T11:15:49","guid":{"rendered":"https:\/\/infovera.com.ar\/web\/?p=39905"},"modified":"2022-09-08T19:15:53","modified_gmt":"2022-09-08T22:15:53","slug":"paso-para-el-martes-la-reunion-paritaria-prevista-para-hoy","status":"publish","type":"post","link":"https:\/\/infovera.com.ar\/web\/2022\/09\/08\/paso-para-el-martes-la-reunion-paritaria-prevista-para-hoy\/","title":{"rendered":"Pas\u00f3 para el martes la reuni\u00f3n paritaria prevista para hoy"},"content":{"rendered":"<p><strong>Declaraciones del ministro de Trabajo, Juan Manuel Pusineri, referidas a la postergaci\u00f3n de la reuni\u00f3n de la paritaria prevista para este jueves con los gremios de la administraci\u00f3n central, la cual se llevar\u00e1 a cabo el pr\u00f3ximo martes 13 a las 12 horas.<\/strong><\/p>\n<p><iframe loading=\"lazy\" title=\"Se suspendi\u00f3 la reuni\u00f3n paritaria prevista para hoy: declaraciones del ministro Pusineri\" width=\"696\" height=\"392\" src=\"https:\/\/www.youtube.com\/embed\/Rs1-IQ45LeI?feature=oembed\" frameborder=\"0\" allow=\"accelerometer; autoplay; clipboard-write; encrypted-media; gyroscope; picture-in-picture; web-share\" referrerpolicy=\"strict-origin-when-cross-origin\" allowfullscreen><\/iframe><\/p>\n","protected":false},"excerpt":{"rendered":"<p>Declaraciones del ministro de Trabajo, Juan Manuel Pusineri, referidas a la postergaci\u00f3n de la reuni\u00f3n de la paritaria prevista para este jueves con los gremios de la administraci\u00f3n central, la cual se llevar\u00e1 a cabo el pr\u00f3ximo martes 13 a las 12 horas.<\/p>\n","protected":false},"author":3,"featured_media":39906,"comment_status":"closed","ping_status":"closed","sticky":false,"template":"","format":"standard","meta":{"_joinchat":[],"footnotes":""},"categories":[66,60],"tags":[],"class_list":{"0":"post-39905","1":"post","2":"type-post","3":"status-publish","4":"format-standard","5":"has-post-thumbnail","7":"category-politica","8":"category-provinciales"},"_links":{"self":[{"href":"https:\/\/infovera.com.ar\/web\/wp-json\/wp\/v2\/posts\/39905","targetHints":{"allow":["GET"]}}],"collection":[{"href":"https:\/\/infovera.com.ar\/web\/wp-json\/wp\/v2\/posts"}],"about":[{"href":"https:\/\/infovera.com.ar\/web\/wp-json\/wp\/v2\/types\/post"}],"author":[{"embeddable":true,"href":"https:\/\/infovera.com.ar\/web\/wp-json\/wp\/v2\/users\/3"}],"replies":[{"embeddable":true,"href":"https:\/\/infovera.com.ar\/web\/wp-json\/wp\/v2\/comments?post=39905"}],"version-history":[{"count":0,"href":"https:\/\/infovera.com.ar\/web\/wp-json\/wp\/v2\/posts\/39905\/revisions"}],"wp:featuredmedia":[{"embeddable":true,"href":"https:\/\/infovera.com.ar\/web\/wp-json\/wp\/v2\/media\/39906"}],"wp:attachment":[{"href":"https:\/\/infovera.com.ar\/web\/wp-json\/wp\/v2\/media?parent=39905"}],"wp:term":[{"taxonomy":"category","embeddable":true,"href":"https:\/\/infovera.com.ar\/web\/wp-json\/wp\/v2\/categories?post=39905"},{"taxonomy":"post_tag","embeddable":true,"href":"https:\/\/infovera.com.ar\/web\/wp-json\/wp\/v2\/tags?post=39905"}],"curies":[{"name":"wp","href":"https:\/\/api.w.org\/{rel}","templated":true}]}}