{"id":39889,"date":"2022-09-08T07:03:18","date_gmt":"2022-09-08T10:03:18","guid":{"rendered":"https:\/\/infovera.com.ar\/web\/?p=39889"},"modified":"2022-09-08T11:29:46","modified_gmt":"2022-09-08T14:29:46","slug":"esto-es-lo-que-debemos-frenar-sostuvo-el-diputado-bermudez-sobre-el-cargamento-de-droga-que-salio-de-rosario","status":"publish","type":"post","link":"https:\/\/infovera.com.ar\/web\/2022\/09\/08\/esto-es-lo-que-debemos-frenar-sostuvo-el-diputado-bermudez-sobre-el-cargamento-de-droga-que-salio-de-rosario\/","title":{"rendered":"&#8220;Esto es lo que debemos frenar&#8221;, sostuvo el diputado Berm\u00fadez sobre el cargamento de droga que sali\u00f3 de Rosario"},"content":{"rendered":"<p><strong>&#8220;Esto es lo que debemos frenar. No puede ser que desde nuestros puertos `se exporte&#8217; con tanta impunidad esta basura. El control brilla por su ausencia y lo \u00fanico que nos deja es sangre y miseria&#8221;, critic\u00f3 el diputado provincial de Creo, Ariel Berm\u00fadez.<\/strong><\/p>\n<p>&#8220;Pediremos la revocaci\u00f3n de la concesi\u00f3n, que la justicia act\u00fae con firmeza y que los responsables se hagan cargo de una vez por todas. Seguiremos trabajando para que Santa Fe contin\u00fae siendo el epicentro productivo de Am\u00e9rica Latina y que nuestra provincia obtenga lo que merece&#8221;, adelant\u00f3.<\/p>\n<p>El legislador hizo as\u00ed referencia a los 1.368 kilos de coca\u00edna que partieron del puerto de Rosario en las \u00faltimas semanas y que fueron decomisados en las terminales portuarias de Santos (Brasil) y Roterdam (Pa\u00edses Bajos) por las autoridades de esos pa\u00edses.<\/p>\n<p>A ra\u00edz de esto, y luego de una investigaci\u00f3n llevada adelante por la Fiscal\u00eda Federal 2 de Rosario y la Procunar, en colaboraci\u00f3n con la Justicia Federal de Campana, se logr\u00f3 detener a tres personas, dos transportistas y un empleado portuario, y hay dos pr\u00f3fugos que son intensamente buscados.<\/p>\n<p>La droga fue hallada en bolsos colocados dentro de cargamentos de man\u00ed. De hecho, seg\u00fan un parte oficial, la carga fue remitida desde Terminal Puerto Rosario SA. En el puerto de Santos el contenedor en cuesti\u00f3n fue sometido a un proceso de inspecci\u00f3n que result\u00f3 en la &#8220;identificaci\u00f3n de la presencia de vol\u00famenes extra\u00f1os superpuestos a la carga \u00edicita de man\u00ed y que estaban acondicionados en varios paquetes con logos que fueron identificados como Supreme y \u201cLouis Vuitton&#8221;, seg\u00fan se indic\u00f3.<\/p>\n","protected":false},"excerpt":{"rendered":"<p>&#8220;Esto es lo que debemos frenar. No puede ser que desde nuestros puertos `se exporte&#8217; con tanta impunidad esta basura. El control brilla por su ausencia y lo \u00fanico que nos deja es sangre y miseria&#8221;, critic\u00f3 el diputado provincial de Creo, Ariel Berm\u00fadez. &#8220;Pediremos la revocaci\u00f3n de la concesi\u00f3n, que la justicia act\u00fae con [&hellip;]<\/p>\n","protected":false},"author":3,"featured_media":39890,"comment_status":"closed","ping_status":"closed","sticky":false,"template":"","format":"standard","meta":{"_joinchat":[],"footnotes":""},"categories":[66],"tags":[],"class_list":{"0":"post-39889","1":"post","2":"type-post","3":"status-publish","4":"format-standard","5":"has-post-thumbnail","7":"category-politica"},"_links":{"self":[{"href":"https:\/\/infovera.com.ar\/web\/wp-json\/wp\/v2\/posts\/39889","targetHints":{"allow":["GET"]}}],"collection":[{"href":"https:\/\/infovera.com.ar\/web\/wp-json\/wp\/v2\/posts"}],"about":[{"href":"https:\/\/infovera.com.ar\/web\/wp-json\/wp\/v2\/types\/post"}],"author":[{"embeddable":true,"href":"https:\/\/infovera.com.ar\/web\/wp-json\/wp\/v2\/users\/3"}],"replies":[{"embeddable":true,"href":"https:\/\/infovera.com.ar\/web\/wp-json\/wp\/v2\/comments?post=39889"}],"version-history":[{"count":0,"href":"https:\/\/infovera.com.ar\/web\/wp-json\/wp\/v2\/posts\/39889\/revisions"}],"wp:featuredmedia":[{"embeddable":true,"href":"https:\/\/infovera.com.ar\/web\/wp-json\/wp\/v2\/media\/39890"}],"wp:attachment":[{"href":"https:\/\/infovera.com.ar\/web\/wp-json\/wp\/v2\/media?parent=39889"}],"wp:term":[{"taxonomy":"category","embeddable":true,"href":"https:\/\/infovera.com.ar\/web\/wp-json\/wp\/v2\/categories?post=39889"},{"taxonomy":"post_tag","embeddable":true,"href":"https:\/\/infovera.com.ar\/web\/wp-json\/wp\/v2\/tags?post=39889"}],"curies":[{"name":"wp","href":"https:\/\/api.w.org\/{rel}","templated":true}]}}