{"id":39880,"date":"2022-09-07T21:42:42","date_gmt":"2022-09-08T00:42:42","guid":{"rendered":"https:\/\/infovera.com.ar\/web\/?p=39880"},"modified":"2022-09-07T21:42:42","modified_gmt":"2022-09-08T00:42:42","slug":"se-viene-la-2-edicion-de-crossfit-en-vera","status":"publish","type":"post","link":"https:\/\/infovera.com.ar\/web\/2022\/09\/07\/se-viene-la-2-edicion-de-crossfit-en-vera\/","title":{"rendered":"Se viene la 2\u00b0 edici\u00f3n de Crossfit en Vera"},"content":{"rendered":"<p>El evento es organizado por Soledad Camacho y Carlos Ca\u00f1ete, profesores y due\u00f1os del gimnasio SPARTA.<\/p>\n<p>Est\u00e1 previsto que se realice este domingo 11 de septiembre en el Polideportivo de Vera, entre las 08 y 20 horas, con entrada libre y gratuita.<\/p>\n<p>Las categor\u00edas ambos sexos son: BENNIGER (principiante), SCALED y AVANZADOS.<\/p>\n<p>Los participantes confirmados provienen de Reconquista, Santa Fe, Esperanza, Paran\u00e1, C\u00f3rdoba, Rosario, San Javier.<\/p>\n<p>Esta competencia tiene disciplinas tales como carreras, levantamiento de pesas, barras. Cada competidor tiene juez personal y un cron\u00f3metro.<\/p>\n","protected":false},"excerpt":{"rendered":"<p>El evento es organizado por Soledad Camacho y Carlos Ca\u00f1ete, profesores y due\u00f1os del gimnasio SPARTA. Est\u00e1 previsto que se realice este domingo 11 de septiembre en el Polideportivo de Vera, entre las 08 y 20 horas, con entrada libre y gratuita. Las categor\u00edas ambos sexos son: BENNIGER (principiante), SCALED y AVANZADOS. Los participantes confirmados [&hellip;]<\/p>\n","protected":false},"author":3,"featured_media":39881,"comment_status":"closed","ping_status":"closed","sticky":false,"template":"","format":"standard","meta":{"_joinchat":[],"footnotes":""},"categories":[31,53],"tags":[],"class_list":{"0":"post-39880","1":"post","2":"type-post","3":"status-publish","4":"format-standard","5":"has-post-thumbnail","7":"category-deportes","8":"category-vera"},"_links":{"self":[{"href":"https:\/\/infovera.com.ar\/web\/wp-json\/wp\/v2\/posts\/39880","targetHints":{"allow":["GET"]}}],"collection":[{"href":"https:\/\/infovera.com.ar\/web\/wp-json\/wp\/v2\/posts"}],"about":[{"href":"https:\/\/infovera.com.ar\/web\/wp-json\/wp\/v2\/types\/post"}],"author":[{"embeddable":true,"href":"https:\/\/infovera.com.ar\/web\/wp-json\/wp\/v2\/users\/3"}],"replies":[{"embeddable":true,"href":"https:\/\/infovera.com.ar\/web\/wp-json\/wp\/v2\/comments?post=39880"}],"version-history":[{"count":0,"href":"https:\/\/infovera.com.ar\/web\/wp-json\/wp\/v2\/posts\/39880\/revisions"}],"wp:featuredmedia":[{"embeddable":true,"href":"https:\/\/infovera.com.ar\/web\/wp-json\/wp\/v2\/media\/39881"}],"wp:attachment":[{"href":"https:\/\/infovera.com.ar\/web\/wp-json\/wp\/v2\/media?parent=39880"}],"wp:term":[{"taxonomy":"category","embeddable":true,"href":"https:\/\/infovera.com.ar\/web\/wp-json\/wp\/v2\/categories?post=39880"},{"taxonomy":"post_tag","embeddable":true,"href":"https:\/\/infovera.com.ar\/web\/wp-json\/wp\/v2\/tags?post=39880"}],"curies":[{"name":"wp","href":"https:\/\/api.w.org\/{rel}","templated":true}]}}