{"id":39812,"date":"2022-09-05T13:49:36","date_gmt":"2022-09-05T16:49:36","guid":{"rendered":"https:\/\/infovera.com.ar\/web\/?p=39812"},"modified":"2022-09-05T13:50:57","modified_gmt":"2022-09-05T16:50:57","slug":"39812","status":"publish","type":"post","link":"https:\/\/infovera.com.ar\/web\/2022\/09\/05\/39812\/","title":{"rendered":"Aniversario escolar"},"content":{"rendered":"<p><strong>La delegada seccional de AMSAFE Vera, Nelcy Suligoy, acompa\u00f1\u00f3 a la comunidad educativa de la Escuela N\u00ba 888, de Campo Ferrero,<\/strong> en la celebraci\u00f3n de su Cincuentenario, con la presencia de autoridades de la regi\u00f3n y vecinos del lugar.<\/p>\n<p>Un acto muy emotivo que permiti\u00f3 el reencuentro de exdocentes y exalumnos que recibieron un c\u00e1lido recibimiento por parte de su directora Gabriela Santill\u00e1n.<\/p>\n<p>Hubo reconocimientos para quienes dejaron su huella en la escuela, especialmente a su maestra fundadora \u00c9lida Romero de Ferrero.<\/p>\n","protected":false},"excerpt":{"rendered":"<p>La delegada seccional de AMSAFE Vera, Nelcy Suligoy, acompa\u00f1\u00f3 a la comunidad educativa de la Escuela N\u00ba 888, de Campo Ferrero, en la celebraci\u00f3n de su Cincuentenario, con la presencia de autoridades de la regi\u00f3n y vecinos del lugar. Un acto muy emotivo que permiti\u00f3 el reencuentro de exdocentes y exalumnos que recibieron un c\u00e1lido [&hellip;]<\/p>\n","protected":false},"author":3,"featured_media":39813,"comment_status":"closed","ping_status":"closed","sticky":false,"template":"","format":"standard","meta":{"_joinchat":[],"footnotes":""},"categories":[51],"tags":[],"class_list":{"0":"post-39812","1":"post","2":"type-post","3":"status-publish","4":"format-standard","5":"has-post-thumbnail","7":"category-locales"},"_links":{"self":[{"href":"https:\/\/infovera.com.ar\/web\/wp-json\/wp\/v2\/posts\/39812","targetHints":{"allow":["GET"]}}],"collection":[{"href":"https:\/\/infovera.com.ar\/web\/wp-json\/wp\/v2\/posts"}],"about":[{"href":"https:\/\/infovera.com.ar\/web\/wp-json\/wp\/v2\/types\/post"}],"author":[{"embeddable":true,"href":"https:\/\/infovera.com.ar\/web\/wp-json\/wp\/v2\/users\/3"}],"replies":[{"embeddable":true,"href":"https:\/\/infovera.com.ar\/web\/wp-json\/wp\/v2\/comments?post=39812"}],"version-history":[{"count":0,"href":"https:\/\/infovera.com.ar\/web\/wp-json\/wp\/v2\/posts\/39812\/revisions"}],"wp:featuredmedia":[{"embeddable":true,"href":"https:\/\/infovera.com.ar\/web\/wp-json\/wp\/v2\/media\/39813"}],"wp:attachment":[{"href":"https:\/\/infovera.com.ar\/web\/wp-json\/wp\/v2\/media?parent=39812"}],"wp:term":[{"taxonomy":"category","embeddable":true,"href":"https:\/\/infovera.com.ar\/web\/wp-json\/wp\/v2\/categories?post=39812"},{"taxonomy":"post_tag","embeddable":true,"href":"https:\/\/infovera.com.ar\/web\/wp-json\/wp\/v2\/tags?post=39812"}],"curies":[{"name":"wp","href":"https:\/\/api.w.org\/{rel}","templated":true}]}}