{"id":39715,"date":"2022-09-01T18:46:37","date_gmt":"2022-09-01T21:46:37","guid":{"rendered":"https:\/\/infovera.com.ar\/web\/?p=39715"},"modified":"2022-09-02T13:59:52","modified_gmt":"2022-09-02T16:59:52","slug":"la-satisfaccion-del-senador-sosa-por-las-obras-en-el-departamento-fue-destacado-por-el-gobernador-perotti-2","status":"publish","type":"post","link":"https:\/\/infovera.com.ar\/web\/2022\/09\/01\/la-satisfaccion-del-senador-sosa-por-las-obras-en-el-departamento-fue-destacado-por-el-gobernador-perotti-2\/","title":{"rendered":"La satisfacci\u00f3n del senador Sosa por las obras en el departamento fue destacada por el gobernador Perotti"},"content":{"rendered":"<p><strong>En el encuentro por los Bajos Submeridionales, el gobernador Omar Perotti, al hacer uso de la palabra, destac\u00f3 el esfuerzo del senador Osvaldo Sosa<\/strong> por el desarrollo del norte provincial y subray\u00f3 &#8220;la satisfacci\u00f3n&#8221; del legislador por la ejecuci\u00f3n de un nuevo tramo de la Ruta 3.<\/p>\n<p>En el c\u00f3nclave que tuvo lugar en Tostado, Sosa mantuvo conversaciones con el jefe de Gabinete de la Naci\u00f3n, Juan Manzur, y con ministros de la provincia.<\/p>\n<p>&#8220;Al senador Sosa no le cierra el saco de la satisfacci\u00f3n&#8221;, dijo Perotti al evaluar las obras que su gesti\u00f3n, en coordinaci\u00f3n con Naci\u00f3n, est\u00e1 ejecutando en el departamento Vera.<br \/>\nAl respecto, enumer\u00f3 \u201calcantarillados, caminos rurales, defensas y la importancia de las conexiones viales\u201d.<\/p>\n<p>El encuentro, del que particip\u00f3 nuestro legislador verense se desarroll\u00f3 en el Club Atl\u00e9tico Tostado con la presencia de los gobernadores de las provincias de Santa Fe (Omar Perotti), Chaco (Jorge Capitanich) y Santiago del Estero (Gerardo Zamora). Tambi\u00e9n, asistieron destacados funcionarios provinciales y nacionales.<\/p>\n<p><iframe loading=\"lazy\" title=\"Perotti destac\u00f3 la satisfacci\u00f3n del senador Sosa por las obras en el departamento Vera\" width=\"696\" height=\"392\" src=\"https:\/\/www.youtube.com\/embed\/LJZi6RqJT0w?feature=oembed\" frameborder=\"0\" allow=\"accelerometer; autoplay; clipboard-write; encrypted-media; gyroscope; picture-in-picture; web-share\" referrerpolicy=\"strict-origin-when-cross-origin\" allowfullscreen><\/iframe><\/p>\n","protected":false},"excerpt":{"rendered":"<p>En el encuentro por los Bajos Submeridionales, el gobernador Omar Perotti, al hacer uso de la palabra, destac\u00f3 el esfuerzo del senador Osvaldo Sosa por el desarrollo del norte provincial y subray\u00f3 &#8220;la satisfacci\u00f3n&#8221; del legislador por la ejecuci\u00f3n de un nuevo tramo de la Ruta 3. En el c\u00f3nclave que tuvo lugar en Tostado, [&hellip;]<\/p>\n","protected":false},"author":3,"featured_media":39713,"comment_status":"closed","ping_status":"closed","sticky":false,"template":"","format":"standard","meta":{"_joinchat":[],"footnotes":""},"categories":[51],"tags":[],"class_list":{"0":"post-39715","1":"post","2":"type-post","3":"status-publish","4":"format-standard","5":"has-post-thumbnail","7":"category-locales"},"_links":{"self":[{"href":"https:\/\/infovera.com.ar\/web\/wp-json\/wp\/v2\/posts\/39715","targetHints":{"allow":["GET"]}}],"collection":[{"href":"https:\/\/infovera.com.ar\/web\/wp-json\/wp\/v2\/posts"}],"about":[{"href":"https:\/\/infovera.com.ar\/web\/wp-json\/wp\/v2\/types\/post"}],"author":[{"embeddable":true,"href":"https:\/\/infovera.com.ar\/web\/wp-json\/wp\/v2\/users\/3"}],"replies":[{"embeddable":true,"href":"https:\/\/infovera.com.ar\/web\/wp-json\/wp\/v2\/comments?post=39715"}],"version-history":[{"count":0,"href":"https:\/\/infovera.com.ar\/web\/wp-json\/wp\/v2\/posts\/39715\/revisions"}],"wp:featuredmedia":[{"embeddable":true,"href":"https:\/\/infovera.com.ar\/web\/wp-json\/wp\/v2\/media\/39713"}],"wp:attachment":[{"href":"https:\/\/infovera.com.ar\/web\/wp-json\/wp\/v2\/media?parent=39715"}],"wp:term":[{"taxonomy":"category","embeddable":true,"href":"https:\/\/infovera.com.ar\/web\/wp-json\/wp\/v2\/categories?post=39715"},{"taxonomy":"post_tag","embeddable":true,"href":"https:\/\/infovera.com.ar\/web\/wp-json\/wp\/v2\/tags?post=39715"}],"curies":[{"name":"wp","href":"https:\/\/api.w.org\/{rel}","templated":true}]}}