{"id":39709,"date":"2022-09-01T17:37:58","date_gmt":"2022-09-01T20:37:58","guid":{"rendered":"https:\/\/infovera.com.ar\/web\/?p=39709"},"modified":"2022-09-01T17:37:58","modified_gmt":"2022-09-01T20:37:58","slug":"la-provincia-inicio-las-negociaciones-paritarias-con-los-gremios-de-la-administracion-central","status":"publish","type":"post","link":"https:\/\/infovera.com.ar\/web\/2022\/09\/01\/la-provincia-inicio-las-negociaciones-paritarias-con-los-gremios-de-la-administracion-central\/","title":{"rendered":"La provincia inici\u00f3 las negociaciones paritarias con los gremios de la administraci\u00f3n central"},"content":{"rendered":"<p>Los ministros de Econom\u00eda Walter Agosto y de Trabajo, Empleo y Seguridad Social Juan Manuel Pusineri, junto a sus equipos t\u00e9cnicos, encabezaron la primera reuni\u00f3n con representantes de los gremios de la administraci\u00f3n central en el marco de la negociaci\u00f3n paritaria, tal como se hab\u00eda adelantado hace algunos d\u00edas. Estuvieron presentes Jorge Molina, secretario general de UPCN y Jorge Hoffmann, su par de ATE.<\/p>\n<p>&nbsp;<\/p>\n<p>El encuentro, realizado en Casa de Gobierno, dio cumplimiento a uno de los puntos del acta que se suscribi\u00f3 en el mes de marzo, el cual hace referencia a la apertura de un per\u00edodo de revisi\u00f3n de las tem\u00e1ticas acordadas oportunamente.<\/p>\n<p>&nbsp;<\/p>\n<p>Al t\u00e9rmino del mismo, el ministro Pusineri explic\u00f3: \u201cHemos iniciado la negociaci\u00f3n paritaria en el d\u00eda de la fecha tal cual lo ven\u00edamos anunciando. A partir de hoy van a comenzar una serie de encuentros e intercambios para abordar los temas que nos convocan. La semana que viene vamos a tener un nuevo encuentro donde, fruto del trabajo que podamos ir realizando en estos d\u00edas, esperamos tener las condiciones para poner sobre la mesa una propuesta salarial\u201d.<\/p>\n<p>&nbsp;<\/p>\n<p>Asimismo, el funcionario manifest\u00f3: \u201cEl sistema en el que trabaja la provincia de Santa Fe, reivindicamos la negociaci\u00f3n colectiva como forma de garantizar los derechos de los trabajadores y abordar las cuestiones que hacen al funcionamiento del Estado. El tema de los descuentos de los d\u00edas de paro fue incorporado por los gremios en el d\u00eda de hoy, cuando se incorpora un tema, \u00e9ste tiene que tener tratamiento, por lo que va a ser considerado en la globalidad de los temas que tenemos que ir tratando. Hasta ahora las decisiones son las que se conocen\u201d.<\/p>\n<p>&nbsp;<\/p>\n<p>Pusineri finaliz\u00f3 su alocuci\u00f3n destacando: \u201cVamos a ir viendo la evoluci\u00f3n que tengan los temas a lo largo de las reuniones paritarias que tenemos ma\u00f1ana y el lunes con otros sectores. En general, el tratamiento que le damos a las cuestiones que tienen que ver con condiciones de trabajo y salario de los trabajadores estatales, para evitar discriminaciones m\u00e1s all\u00e1 que los escalafones son distintos y se pueden trabajar particularidades referidas a cada uno de ellos, es mantener un esquema de igualdad para todos los trabajadores del Estado\u201d.<\/p>\n<p>&nbsp;<\/p>\n<p>Del encuentro tambi\u00e9n participaron Guillermo Mateo, secretario de Recursos Humanos y Funci\u00f3n P\u00fablica del Ministerio de Econom\u00eda y el subsecretario del \u00e1rea Jos\u00e9 Puccio.<\/p>\n","protected":false},"excerpt":{"rendered":"<p>Los ministros de Econom\u00eda Walter Agosto y de Trabajo, Empleo y Seguridad Social Juan Manuel Pusineri, junto a sus equipos t\u00e9cnicos, encabezaron la primera reuni\u00f3n con representantes de los gremios de la administraci\u00f3n central en el marco de la negociaci\u00f3n paritaria, tal como se hab\u00eda adelantado hace algunos d\u00edas. Estuvieron presentes Jorge Molina, secretario general [&hellip;]<\/p>\n","protected":false},"author":3,"featured_media":39710,"comment_status":"closed","ping_status":"closed","sticky":false,"template":"","format":"standard","meta":{"_joinchat":[],"footnotes":""},"categories":[60],"tags":[],"class_list":{"0":"post-39709","1":"post","2":"type-post","3":"status-publish","4":"format-standard","5":"has-post-thumbnail","7":"category-provinciales"},"_links":{"self":[{"href":"https:\/\/infovera.com.ar\/web\/wp-json\/wp\/v2\/posts\/39709","targetHints":{"allow":["GET"]}}],"collection":[{"href":"https:\/\/infovera.com.ar\/web\/wp-json\/wp\/v2\/posts"}],"about":[{"href":"https:\/\/infovera.com.ar\/web\/wp-json\/wp\/v2\/types\/post"}],"author":[{"embeddable":true,"href":"https:\/\/infovera.com.ar\/web\/wp-json\/wp\/v2\/users\/3"}],"replies":[{"embeddable":true,"href":"https:\/\/infovera.com.ar\/web\/wp-json\/wp\/v2\/comments?post=39709"}],"version-history":[{"count":0,"href":"https:\/\/infovera.com.ar\/web\/wp-json\/wp\/v2\/posts\/39709\/revisions"}],"wp:featuredmedia":[{"embeddable":true,"href":"https:\/\/infovera.com.ar\/web\/wp-json\/wp\/v2\/media\/39710"}],"wp:attachment":[{"href":"https:\/\/infovera.com.ar\/web\/wp-json\/wp\/v2\/media?parent=39709"}],"wp:term":[{"taxonomy":"category","embeddable":true,"href":"https:\/\/infovera.com.ar\/web\/wp-json\/wp\/v2\/categories?post=39709"},{"taxonomy":"post_tag","embeddable":true,"href":"https:\/\/infovera.com.ar\/web\/wp-json\/wp\/v2\/tags?post=39709"}],"curies":[{"name":"wp","href":"https:\/\/api.w.org\/{rel}","templated":true}]}}