{"id":39660,"date":"2022-08-30T14:28:35","date_gmt":"2022-08-30T17:28:35","guid":{"rendered":"https:\/\/infovera.com.ar\/web\/?p=39660"},"modified":"2022-08-30T14:28:35","modified_gmt":"2022-08-30T17:28:35","slug":"reconquista-inauguro-el-primer-centro-de-capacitacion-en-oficios-del-norte-provincial","status":"publish","type":"post","link":"https:\/\/infovera.com.ar\/web\/2022\/08\/30\/reconquista-inauguro-el-primer-centro-de-capacitacion-en-oficios-del-norte-provincial\/","title":{"rendered":"Reconquista inaugur\u00f3 el primer centro de capacitaci\u00f3n en oficios del norte provincial"},"content":{"rendered":"<p><strong>Funcionar\u00e1 en el \u00e1mbito municipal. Estar\u00e1 abocado a la capacitaci\u00f3n para una justa inserci\u00f3n laboral. El objetivo es aumentar la empleabilidad y validar la destreza en el trabajo.<\/strong><\/p>\n<p>En la ma\u00f1ana de este martes, el municipio reconqu\u00edstense dej\u00f3 inaugurado el Centro Municipal de Capacitaci\u00f3n en Oficios en la ciudad, que focalizar\u00e1 su actividad en capacitar a la comunidad en distintos oficios para una mejor y mayor empleabilidad, favorecer la inclusi\u00f3n para una justa inserci\u00f3n laboral, y brindar las herramientas necesarias para adquirir habilidades que potencien el desempe\u00f1o de las personas en las diversas \u00e1reas de trabajo.<\/p>\n<p>En la sede de la instituci\u00f3n se desarroll\u00f3 el acto oficial en el que el intendente Dr. Amadeo Enrique Vallejos destac\u00f3 que \u201cpara tener un mejor futuro, la mejor manera es invertir los recursos en educaci\u00f3n, conocimiento y formaci\u00f3n para los habitantes. Es una gran satisfacci\u00f3n para nosotros inaugurar este espacio p\u00fablico de aprendizaje, que es un motor para generar calidad de vida, educaci\u00f3n y trabajo\u201d.<\/p>\n<p>El mandatario tambi\u00e9n agradeci\u00f3 el \u201ctrabajo, esfuerzo y acompa\u00f1amiento\u201d de \u201ccada uno de los involucrados para hacer realidad el Centro\u201d.<\/p>\n<p>A trav\u00e9s de este importante Centro Municipal de Capacitaci\u00f3n en Oficios, la Municipalidad de Reconquista ofrece desde ahora un Plan de Educaci\u00f3n que favorece la inclusi\u00f3n y vinculaci\u00f3n de los distintos sectores de la poblaci\u00f3n que necesitan acceder a un empleo. De esta manera, se propone aumentar la empleabilidad y validar la destreza en el trabajo para obtener una mejor inserci\u00f3n laboral, combinando aprendizaje-servicio en relaci\u00f3n a la comunidad.<\/p>\n<p>En tanto, para el Centro Municipal, explicaron las autoridades, es de \u201cvital importancia\u201d generar este espacio acad\u00e9mico considerando que \u201cexiste la necesidad de mano de obra especializada para cubrir tareas que volvieron a tener preeminencia dentro de la cadena productiva\u201d, y brindar las herramientas necesarias a aquellas personas que buscan de manera constante autosuperarse. Y as\u00ed, poder complementar las demandas de los sectores productivos, que tienen como valores fundamentales la responsabilidad y el compromiso, con las destrezas cognitivas, t\u00e9cnicas y digitales que adquieren los individuos.<\/p>\n<p><strong>Convenios<\/strong><\/p>\n<p>Asimismo, se firmaron convenios con la Regi\u00f3n II de Educaci\u00f3n, la UTN Regional Reconquista y la Asociaci\u00f3n del Magisterio de Ense\u00f1anza T\u00e9cnica.<\/p>\n<p>El acuerdo marco est\u00e1 destinado al \u201cdesarrollo de actividades de cooperaci\u00f3n institucional y de asistencia dirigidas a facilitar y fortalecer la vinculaci\u00f3n entre las unidades educativas productivas y la Municipalidad de Reconquista\u201d, agregaron desde el gobierno municipal.<\/p>\n<p>Y precisaron que el objetivo es establecer una relaci\u00f3n interinstitucional tendiente a optimizar recursos, dado que dentro de la competencia de las partes existen actividades de inter\u00e9s com\u00fan, como as\u00ed tambi\u00e9n campos de investigaci\u00f3n y desarrollo complementarios y\/o concurrentes.<\/p>\n<p>Antes de finalizar la ceremonia, de la que particip\u00f3 el secretario de Educaci\u00f3n de la provincia Dr. V\u00edctor Debloc, el intendente Vallejos, acompa\u00f1ado del presidente del Concejo Municipal Gustavo L\u00f3pez, concejales y de la directora del Centro llev\u00f3 a cabo en descubrimientos de dos placas fundacionales.<\/p>\n<p><strong>Presentes<\/strong><\/p>\n<p>Participaron del acto, adem\u00e1s de los funcionarios citados, el jefe de la III\u00b0 Brigada A\u00e9rea, Comodoro Plinio Guillermo Poma; Orfilio Marc\u00f3n, senador provincial; Mar\u00eda Laura Corgnali y Marlen Esp\u00edndola, diputadas provinciales; Soledad Zalazar, subsecretaria provincial de Fortalecimiento Territorial en Igualdad, G\u00e9nero y Diversidad; Lic. Guillermo Romero Mansur, secretario general de la Municipalidad; Lic. Mar\u00eda Haydee Maggio, secretaria de Desarrollo Humano del municipio; Prof. Roberto Lorenzini, delegado de la Regi\u00f3n II de Educaci\u00f3n; el coordinador de Empleo y el Director Provincial Promoci\u00f3n del Empleo de la Provincia; la directora del Centro Municipal de Capacitaci\u00f3n en Oficios, psic\u00f3loga social Cintia Gamarra; Favio Mart\u00ednez, jefe de Anses Reconquista; Lic. Malvina Gomez Sumansky, jefa de Pami Agencia Reconquista; Ing. Brian Mosch\u00e9n, decano de la Facultad Regional Reconquista UTN; directora de la Regi\u00f3n de Salud, Dr. Leira Mansur; Salom\u00e9 Troncoso, representante de la Asociaci\u00f3n del Magisterio de Ense\u00f1anza T\u00e9cnica; subcomisario Armando Ramos, jefe de la Dependencia Antidrogas Reconquista.<\/p>\n<p>Tambi\u00e9n, asistieron los representantes del Centro Industrial y Comercial de Reconquista; DEL INTA Reconquista, de gremios y sindicatos; de instituciones eclesi\u00e1sticas; miembros de fuerzas de seguridad y bomberos, profesores del Centro Municipal de Capacitaci\u00f3n en Oficios, alumnos y p\u00fablico en general.<\/p>\n","protected":false},"excerpt":{"rendered":"<p>Funcionar\u00e1 en el \u00e1mbito municipal. Estar\u00e1 abocado a la capacitaci\u00f3n para una justa inserci\u00f3n laboral. El objetivo es aumentar la empleabilidad y validar la destreza en el trabajo. En la ma\u00f1ana de este martes, el municipio reconqu\u00edstense dej\u00f3 inaugurado el Centro Municipal de Capacitaci\u00f3n en Oficios en la ciudad, que focalizar\u00e1 su actividad en capacitar [&hellip;]<\/p>\n","protected":false},"author":3,"featured_media":39661,"comment_status":"closed","ping_status":"closed","sticky":false,"template":"","format":"standard","meta":{"_joinchat":[],"footnotes":""},"categories":[55],"tags":[],"class_list":{"0":"post-39660","1":"post","2":"type-post","3":"status-publish","4":"format-standard","5":"has-post-thumbnail","7":"category-reconquista"},"_links":{"self":[{"href":"https:\/\/infovera.com.ar\/web\/wp-json\/wp\/v2\/posts\/39660","targetHints":{"allow":["GET"]}}],"collection":[{"href":"https:\/\/infovera.com.ar\/web\/wp-json\/wp\/v2\/posts"}],"about":[{"href":"https:\/\/infovera.com.ar\/web\/wp-json\/wp\/v2\/types\/post"}],"author":[{"embeddable":true,"href":"https:\/\/infovera.com.ar\/web\/wp-json\/wp\/v2\/users\/3"}],"replies":[{"embeddable":true,"href":"https:\/\/infovera.com.ar\/web\/wp-json\/wp\/v2\/comments?post=39660"}],"version-history":[{"count":0,"href":"https:\/\/infovera.com.ar\/web\/wp-json\/wp\/v2\/posts\/39660\/revisions"}],"wp:featuredmedia":[{"embeddable":true,"href":"https:\/\/infovera.com.ar\/web\/wp-json\/wp\/v2\/media\/39661"}],"wp:attachment":[{"href":"https:\/\/infovera.com.ar\/web\/wp-json\/wp\/v2\/media?parent=39660"}],"wp:term":[{"taxonomy":"category","embeddable":true,"href":"https:\/\/infovera.com.ar\/web\/wp-json\/wp\/v2\/categories?post=39660"},{"taxonomy":"post_tag","embeddable":true,"href":"https:\/\/infovera.com.ar\/web\/wp-json\/wp\/v2\/tags?post=39660"}],"curies":[{"name":"wp","href":"https:\/\/api.w.org\/{rel}","templated":true}]}}