{"id":39630,"date":"2022-08-30T07:45:28","date_gmt":"2022-08-30T10:45:28","guid":{"rendered":"https:\/\/infovera.com.ar\/web\/?p=39630"},"modified":"2022-08-30T19:08:41","modified_gmt":"2022-08-30T22:08:41","slug":"se-realizara-una-nueva-reunion-del-comite-interjurisdiccional-de-los-bajos-submeridionales-en-tostado","status":"publish","type":"post","link":"https:\/\/infovera.com.ar\/web\/2022\/08\/30\/se-realizara-una-nueva-reunion-del-comite-interjurisdiccional-de-los-bajos-submeridionales-en-tostado\/","title":{"rendered":"Se realizar\u00e1 una nueva reuni\u00f3n del Comit\u00e9 Interjurisdiccional de los Bajos Submeridionales en Tostado"},"content":{"rendered":"<p>El gobernador Perotti encabezar\u00e1 el encuentro del que participar\u00e1n sus pares de Chaco y Santiago del Estero, los ministros nacionales De Pedro y Katopodis y el Jefe de Gabinete de Ministros, Juan Manzur.<\/p>\n<p>&nbsp;<\/p>\n<p>El gobernador Omar Perotti encabezar\u00e1 este mi\u00e9rcoles, en la ciudad de Tostado, un nuevo encuentro del Comit\u00e9 Interjurisdiccional de los Bajos Submeridionales, que est\u00e1 integrado por las provincias de Santa Fe, Chaco y Santiago del Estero; y los ministerios de Obras P\u00fablicas y del Interior de la Naci\u00f3n.<\/p>\n<p>&nbsp;<\/p>\n<p>Del encuentro, que se realizar\u00e1 en el Club Atl\u00e9tico Tostado desde las 13.00 horas, participar\u00e1n los ministros nacionales del Interior, Wado De Pedro; y de Obras P\u00fablicas, Gabriel Katopodis; el Jefe de Gabinetes de Ministros, Juan Manzur; y los gobernadores de Chaco, Jorge Capitanich, y de Santiago del Estado, Gerardo Zamora.<\/p>\n<p>&nbsp;<\/p>\n<p>De la actividad tambi\u00e9n formar\u00e1n parte el secretario general del CFI, Ignacio Lamothe; el intendente de Tostado, Enrique Mualen; junto a legisladores, intendentes y presidentes comunales de los departamentos 9 de Julio, General Obligado y Vera del norte provincial.<\/p>\n<p>&nbsp;<\/p>\n<p>En la oportunidad, se expondr\u00e1n los avances del Plan Director y el estado de situaci\u00f3n de las obras y los proyectos en la regi\u00f3n hidrica de los Bajos Submeridionales, que tienen por objetivo resolver los problemas estructurales de la cuenca, que afectan a las tres provincias, para recuperar la sustentabilidad ambiental de m\u00e1s de 5 millones de hect\u00e1reas, de las cuales m\u00e1s del 51 % corresponde a la provincia de Santa Fe, con un perfil del cuidado de los recursos naturales y de desarrollo socio productivo de las mismas.<\/p>\n<p>&nbsp;<\/p>\n<p>Producci\u00f3n sostenible para un desarrollo integral de los Bajos Submeridionales<\/p>\n<p>&nbsp;<\/p>\n<p>A partir del trabajo coordinado, se espera convertir a los Bajos Submeridionales en un polo de desarrollo productivo, generador de empleo y arraigo sin descuidar sus recursos naturales.<\/p>\n<p>&nbsp;<\/p>\n<p>Ya se encuentran iniciadas las obras de la readecuaci\u00f3n de canal l\u00ednea Paran\u00e1 (tramos 1 y 2) entre Chaco y Santa Fe y se acord\u00f3 un plan de obras para poner en marcha la ruta Hidrovial Interprovincial Santa Fe-Santiago del Estero.<\/p>\n<p>&nbsp;<\/p>\n<p>A ello se suma toda la infraestructura vial, socioeducativa y sanitaria que esta llevando adelante el gobierno de la provincia en el norte santafesino, incluyendo las obras de alcantarillado, sistemas de defensa, readecuaci\u00f3n de canales y obras hidr\u00e1ulicas.<\/p>\n<p>&nbsp;<\/p>\n<p>El objetivo es aumentar la sustentabilidad de la producci\u00f3n agr\u00edcola ganadera tanto en per\u00edodos de sequ\u00eda como de excesos h\u00eddricos, y disminuir las p\u00e9rdidas econ\u00f3micas y los impactos sociales negativos detenidos de los problemas de anegamiento o inundaciones de las localidades y sectores productivos del norte de la provincia.<\/p>\n","protected":false},"excerpt":{"rendered":"<p>El gobernador Perotti encabezar\u00e1 el encuentro del que participar\u00e1n sus pares de Chaco y Santiago del Estero, los ministros nacionales De Pedro y Katopodis y el Jefe de Gabinete de Ministros, Juan Manzur. &nbsp; El gobernador Omar Perotti encabezar\u00e1 este mi\u00e9rcoles, en la ciudad de Tostado, un nuevo encuentro del Comit\u00e9 Interjurisdiccional de los Bajos [&hellip;]<\/p>\n","protected":false},"author":3,"featured_media":39631,"comment_status":"closed","ping_status":"closed","sticky":false,"template":"","format":"standard","meta":{"_joinchat":[],"footnotes":""},"categories":[51],"tags":[],"class_list":{"0":"post-39630","1":"post","2":"type-post","3":"status-publish","4":"format-standard","5":"has-post-thumbnail","7":"category-locales"},"_links":{"self":[{"href":"https:\/\/infovera.com.ar\/web\/wp-json\/wp\/v2\/posts\/39630","targetHints":{"allow":["GET"]}}],"collection":[{"href":"https:\/\/infovera.com.ar\/web\/wp-json\/wp\/v2\/posts"}],"about":[{"href":"https:\/\/infovera.com.ar\/web\/wp-json\/wp\/v2\/types\/post"}],"author":[{"embeddable":true,"href":"https:\/\/infovera.com.ar\/web\/wp-json\/wp\/v2\/users\/3"}],"replies":[{"embeddable":true,"href":"https:\/\/infovera.com.ar\/web\/wp-json\/wp\/v2\/comments?post=39630"}],"version-history":[{"count":0,"href":"https:\/\/infovera.com.ar\/web\/wp-json\/wp\/v2\/posts\/39630\/revisions"}],"wp:featuredmedia":[{"embeddable":true,"href":"https:\/\/infovera.com.ar\/web\/wp-json\/wp\/v2\/media\/39631"}],"wp:attachment":[{"href":"https:\/\/infovera.com.ar\/web\/wp-json\/wp\/v2\/media?parent=39630"}],"wp:term":[{"taxonomy":"category","embeddable":true,"href":"https:\/\/infovera.com.ar\/web\/wp-json\/wp\/v2\/categories?post=39630"},{"taxonomy":"post_tag","embeddable":true,"href":"https:\/\/infovera.com.ar\/web\/wp-json\/wp\/v2\/tags?post=39630"}],"curies":[{"name":"wp","href":"https:\/\/api.w.org\/{rel}","templated":true}]}}