{"id":39611,"date":"2022-08-30T12:34:45","date_gmt":"2022-08-30T15:34:45","guid":{"rendered":"https:\/\/infovera.com.ar\/web\/?p=39611"},"modified":"2022-09-01T10:30:59","modified_gmt":"2022-09-01T13:30:59","slug":"trasladaron-a-la-alcaidia-verense-a-un-preso-imputado-por-disparar-contra-un-movil-del-servicio-penitenciario","status":"publish","type":"post","link":"https:\/\/infovera.com.ar\/web\/2022\/08\/30\/trasladaron-a-la-alcaidia-verense-a-un-preso-imputado-por-disparar-contra-un-movil-del-servicio-penitenciario\/","title":{"rendered":"Trasladaron a la alcaid\u00eda verense a un preso imputado por disparar contra un m\u00f3vil del Servicio Penitenciario"},"content":{"rendered":"<p><strong>Un detenido encartado por atentar contra un m\u00f3vil del Servicio Penitenciario provincial fue trasladado a Vera y qued\u00f3 alojado en la alcaid\u00eda local.<\/strong><\/p>\n<p>Este preso oriundo de Rosario est\u00e1 acusado de integrar una banda que atac\u00f3 a tiros a una traffic del Servicio Penitenciario (foto) el domingo 14 de agosto pasado.<\/p>\n<p>La combi fue atacada de al menos 26 balazos de ametralladora en la tarde de aquel d\u00eda cuando sal\u00eda del domicilio de un preso, Osvaldo \u201cPopito\u201d Zalazar, tras cumplir una salida transitoria ordenada por la Justicia. Junto al reo, result\u00f3 herido un agente penitenciario.<\/p>\n<p>Por el suceso, tres personas fueron detenidas poco m\u00e1s tarde en cercan\u00eda de la localidad de P\u00e9rez en un Ford Focus blanco con varias armas y se presumi\u00f3 que participaron del ataque al veh\u00edculo oficial, de acuerdo a fuentes policiales citadas por medios provinciales horas despu\u00e9s del hecho. En tanto, el numerario del fuerza de seguridad salv\u00f3 su vida aunque debi\u00f3 ser intervenido quir\u00fargicamente.<\/p>\n<p>Tres d\u00edas despu\u00e9s, Osvaldo &#8220;Popito&#8221; Zalazar, el preso hab\u00eda sido atacado a balazos entre P\u00e9rez y Rosario mientras era trasladado en un furg\u00f3n del Servicio Penitenciario, falleci\u00f3 en el hospital Clemente \u00c1lvarez, seg\u00fan indicaron fuentes del Servicio Penitenciario de Santa Fe. Ten\u00eda 28 a\u00f1os, y fue el \u00fanico condenado en el juicio por el crimen de Claudio P\u00e1jaro Cantero, lider de la banda de Los Monos, como encubridor. Adem\u00e1s, cumpl\u00eda condena a 12 a\u00f1os de prisi\u00f3n por el crimen de Aldo Acosta y gozaba de las \u00faltimas salidas transitorias ya que estaba a punto de acceder a la prisi\u00f3n condicional.<\/p>\n<p>Los tres detenidos fueron: Dami\u00e1n C., Jonat\u00e1n Emanuel U. y <strong>Milton Joel Rivero<\/strong>. Este \u00faltimo es el que <strong>desde hace una semana est\u00e1 alojado en la alcaid\u00eda de Vera<\/strong>. El motivo del traslado: por las caracer\u00edsticas del hecho que se le imputa no pudo ser derivado a una dependencia penitenciaria.<\/p>\n<p>El tr\u00edo est\u00e1 imputado por <strong>homicidio calificado<\/strong> por el concurso premeditado de dos o m\u00e1s personas y por el uso de arma de fuego, y por la tentativa de homicidio del penitenciario con los mismo calificantes que el homicidio; adem\u00e1s, les sumaron que la v\u00edctima era un integrante de las fuerzas de seguridad y el encubrimiento agravado del robo del auto.<\/p>\n","protected":false},"excerpt":{"rendered":"<p>Un detenido encartado por atentar contra un m\u00f3vil del Servicio Penitenciario provincial fue trasladado a Vera y qued\u00f3 alojado en la alcaid\u00eda local. Este preso oriundo de Rosario est\u00e1 acusado de integrar una banda que atac\u00f3 a tiros a una traffic del Servicio Penitenciario (foto) el domingo 14 de agosto pasado. La combi fue atacada [&hellip;]<\/p>\n","protected":false},"author":3,"featured_media":39613,"comment_status":"closed","ping_status":"closed","sticky":false,"template":"","format":"standard","meta":{"_joinchat":[],"footnotes":""},"categories":[53],"tags":[],"class_list":{"0":"post-39611","1":"post","2":"type-post","3":"status-publish","4":"format-standard","5":"has-post-thumbnail","7":"category-vera"},"_links":{"self":[{"href":"https:\/\/infovera.com.ar\/web\/wp-json\/wp\/v2\/posts\/39611","targetHints":{"allow":["GET"]}}],"collection":[{"href":"https:\/\/infovera.com.ar\/web\/wp-json\/wp\/v2\/posts"}],"about":[{"href":"https:\/\/infovera.com.ar\/web\/wp-json\/wp\/v2\/types\/post"}],"author":[{"embeddable":true,"href":"https:\/\/infovera.com.ar\/web\/wp-json\/wp\/v2\/users\/3"}],"replies":[{"embeddable":true,"href":"https:\/\/infovera.com.ar\/web\/wp-json\/wp\/v2\/comments?post=39611"}],"version-history":[{"count":0,"href":"https:\/\/infovera.com.ar\/web\/wp-json\/wp\/v2\/posts\/39611\/revisions"}],"wp:featuredmedia":[{"embeddable":true,"href":"https:\/\/infovera.com.ar\/web\/wp-json\/wp\/v2\/media\/39613"}],"wp:attachment":[{"href":"https:\/\/infovera.com.ar\/web\/wp-json\/wp\/v2\/media?parent=39611"}],"wp:term":[{"taxonomy":"category","embeddable":true,"href":"https:\/\/infovera.com.ar\/web\/wp-json\/wp\/v2\/categories?post=39611"},{"taxonomy":"post_tag","embeddable":true,"href":"https:\/\/infovera.com.ar\/web\/wp-json\/wp\/v2\/tags?post=39611"}],"curies":[{"name":"wp","href":"https:\/\/api.w.org\/{rel}","templated":true}]}}