{"id":39469,"date":"2022-08-24T12:20:58","date_gmt":"2022-08-24T15:20:58","guid":{"rendered":"https:\/\/infovera.com.ar\/web\/?p=39469"},"modified":"2022-08-25T08:19:32","modified_gmt":"2022-08-25T11:19:32","slug":"un-joven-de-san-cayetano-el-principal-apuntado-por-el-femicidio-de-mimi-burella","status":"publish","type":"post","link":"https:\/\/infovera.com.ar\/web\/2022\/08\/24\/un-joven-de-san-cayetano-el-principal-apuntado-por-el-femicidio-de-mimi-burella\/","title":{"rendered":"Un joven de San Cayetano, el principal apuntado por el femicidio de &#8220;Mimi&#8221; Burella"},"content":{"rendered":"<p><strong>Son dos sujetos de Calchaqu\u00ed los que fueron aprehendidos por las fuerzas policiales que tienen a cargo la investigaci\u00f3n.<\/strong><\/p>\n<p>En relaci\u00f3n a la investigaci\u00f3n penal por el femicidio de Noem\u00ed Burella, de 61 a\u00f1os, anoche numerarios de la Agencia de Investigaci\u00f3n Criminal-Divisi\u00f3n Trata de Personas, \u00c1rea de Femicidio, en conjunto con personal de la Comisaria 2\u00b0 de Calchaqu\u00ed, procedieron a la aprehensi\u00f3n de dos sujetos, mayores de edad, quienes ser\u00ednan posibles autores del hecho, inform\u00f3 hoy la Unidad Regional XIX.<\/p>\n<p>En horas del mediod\u00eda de la fecha pasaron a calidad de detenidos, por orden del fiscal Nicol\u00e1s Maglier.<\/p>\n<p>Uno de ellos es de apellido Troncoso, de 20 a\u00f1os, que est\u00e1 acusado de ser el autor material del cruento hecho ocurrido en el barrio Moreno. El otro es de apellido Zanel, y la investigaci\u00f3n lo centra como la persona a la que Troncoso le habr\u00eda dado el celular de la v\u00edctima para que lo vendiera, pudo reconstruir <strong>InfoVera<\/strong> de fuente ligadas al caso.<\/p>\n<p>Anoche, cerca de las 21:30, el desencadenante para la detenci\u00f3n de ambos apuntados fue que la madre de Troncoso, una mujer de mediana edad, decidi\u00f3 entregar a su hijo a las autoridades policiales para que fuera aprehendido.<\/p>\n<p>Justo cuando en la noche del martes las patrullas de la fuerza del orden arribaron al domicilio ubicado en el barrio San Cayetano, en la zona noreste la escena urbana, Zanel le estaba devolviendo al celular de &#8220;Mimi&#8221; Burella a Troncoso alegando que hab\u00eda &#8220;armado mucho l\u00edo&#8221; con el tema y que no quer\u00eda quedar pegado.<\/p>\n<p>Ambos ser\u00e1n imputados en las pr\u00f3ximas horas, aunque Troncoso llevar\u00e1 la parte m\u00e1s pesada. Para el delito de femicidio la pena contemplada es de prisi\u00f3n perpetua.<\/p>\n<p>La l\u00ednea investigativa estaba detr\u00e1s de esta pista por datos recabados por los pesquisas, ayudados por el trabajo de la Secretar\u00eda de Seguridad del municipio.<\/p>\n","protected":false},"excerpt":{"rendered":"<p>Son dos sujetos de Calchaqu\u00ed los que fueron aprehendidos por las fuerzas policiales que tienen a cargo la investigaci\u00f3n. En relaci\u00f3n a la investigaci\u00f3n penal por el femicidio de Noem\u00ed Burella, de 61 a\u00f1os, anoche numerarios de la Agencia de Investigaci\u00f3n Criminal-Divisi\u00f3n Trata de Personas, \u00c1rea de Femicidio, en conjunto con personal de la Comisaria [&hellip;]<\/p>\n","protected":false},"author":3,"featured_media":39475,"comment_status":"closed","ping_status":"closed","sticky":false,"template":"","format":"standard","meta":{"_joinchat":[],"footnotes":""},"categories":[52,30],"tags":[],"class_list":{"0":"post-39469","1":"post","2":"type-post","3":"status-publish","4":"format-standard","5":"has-post-thumbnail","7":"category-calchaqui","8":"category-policiales"},"_links":{"self":[{"href":"https:\/\/infovera.com.ar\/web\/wp-json\/wp\/v2\/posts\/39469","targetHints":{"allow":["GET"]}}],"collection":[{"href":"https:\/\/infovera.com.ar\/web\/wp-json\/wp\/v2\/posts"}],"about":[{"href":"https:\/\/infovera.com.ar\/web\/wp-json\/wp\/v2\/types\/post"}],"author":[{"embeddable":true,"href":"https:\/\/infovera.com.ar\/web\/wp-json\/wp\/v2\/users\/3"}],"replies":[{"embeddable":true,"href":"https:\/\/infovera.com.ar\/web\/wp-json\/wp\/v2\/comments?post=39469"}],"version-history":[{"count":0,"href":"https:\/\/infovera.com.ar\/web\/wp-json\/wp\/v2\/posts\/39469\/revisions"}],"wp:featuredmedia":[{"embeddable":true,"href":"https:\/\/infovera.com.ar\/web\/wp-json\/wp\/v2\/media\/39475"}],"wp:attachment":[{"href":"https:\/\/infovera.com.ar\/web\/wp-json\/wp\/v2\/media?parent=39469"}],"wp:term":[{"taxonomy":"category","embeddable":true,"href":"https:\/\/infovera.com.ar\/web\/wp-json\/wp\/v2\/categories?post=39469"},{"taxonomy":"post_tag","embeddable":true,"href":"https:\/\/infovera.com.ar\/web\/wp-json\/wp\/v2\/tags?post=39469"}],"curies":[{"name":"wp","href":"https:\/\/api.w.org\/{rel}","templated":true}]}}